{"id":157052,"date":"2020-03-18T14:39:09","date_gmt":"2020-03-18T17:39:09","guid":{"rendered":"https:\/\/diarioregionaldigital.com.br\/?p=157052"},"modified":"2020-03-18T14:39:09","modified_gmt":"2020-03-18T17:39:09","slug":"policia-militar-encontra-laboratorio-de-drogas-em-imovel-no-bairro-industrial","status":"publish","type":"post","link":"https:\/\/diarioregionaldigital.com.br\/?p=157052","title":{"rendered":"Pol\u00edcia Militar encontra laborat\u00f3rio de drogas em im\u00f3vel no Bairro Industrial"},"content":{"rendered":"<p>A Pol\u00edcia Militar (PM), encontrou um laborat\u00f3rio para produ\u00e7\u00e3o de drogas em uma resid\u00eancia no Bairro Industrial (Regi\u00e3o Noroeste), nesta quarta-feira (18) em Juiz de Fora. O caso ocorreu durante a Opera\u00e7\u00e3o Batida Policial, ap\u00f3s as equipes receberem informa\u00e7\u00f5es sobre dois indiv\u00edduos que estaria comercializando drogas no local.<\/p>\n<p>A PM obteve \u00eaxito em abordar os suspeitos, de 30 e 39 anos respectivamente, e durante as buscas pelo im\u00f3vel, foi encontrado o laborat\u00f3rio utilizado para produzir e consequentemente comercializar as drogas.<\/p>\n<p>No local foram encontrados 2 Kg de coca\u00edna, 1 Kg de crack, uma m\u00e1quina de prensa hidr\u00e1ulica, uma capa de colete, uma pistola calibre 4,5 mil\u00edmetros, tr\u00eas telefones celulares, R$230,00 em dinheiro, um pacote de \u00e1cido, dois pacotes de taurina e uma balan\u00e7a digital.<\/p>\n<p>Os moradores da resid\u00eancia foram presos e encaminhados junto com os materiais apreendidos para \u00e0 Delegacia, para devidas provid\u00eancias.<\/p>\n","protected":false},"excerpt":{"rendered":"<p>A Pol\u00edcia Militar (PM), encontrou um laborat\u00f3rio para produ\u00e7\u00e3o de drogas em uma resid\u00eancia no Bairro Industrial (Regi\u00e3o Noroeste), nesta quarta-feira (18) em Juiz de Fora. O caso ocorreu durante a Opera\u00e7\u00e3o Batida Policial, ap\u00f3s as equipes receberem informa\u00e7\u00f5es sobre dois indiv\u00edduos que estaria comercializando drogas no local. A PM obteve \u00eaxito em abordar os [&hellip;]<\/p>\n","protected":false},"author":96,"featured_media":157053,"comment_status":"closed","ping_status":"closed","sticky":false,"template":"","format":"standard","meta":{"footnotes":""},"categories":[301,436,440,439],"tags":[],"class_list":["post-157052","post","type-post","status-publish","format-standard","has-post-thumbnail","hentry","category-artigos-policiais","category-destaque-da-semana","category-destaques-do-dia","category-ultima-hora"],"_links":{"self":[{"href":"https:\/\/diarioregionaldigital.com.br\/index.php?rest_route=\/wp\/v2\/posts\/157052","targetHints":{"allow":["GET"]}}],"collection":[{"href":"https:\/\/diarioregionaldigital.com.br\/index.php?rest_route=\/wp\/v2\/posts"}],"about":[{"href":"https:\/\/diarioregionaldigital.com.br\/index.php?rest_route=\/wp\/v2\/types\/post"}],"author":[{"embeddable":true,"href":"https:\/\/diarioregionaldigital.com.br\/index.php?rest_route=\/wp\/v2\/users\/96"}],"replies":[{"embeddable":true,"href":"https:\/\/diarioregionaldigital.com.br\/index.php?rest_route=%2Fwp%2Fv2%2Fcomments&post=157052"}],"version-history":[{"count":0,"href":"https:\/\/diarioregionaldigital.com.br\/index.php?rest_route=\/wp\/v2\/posts\/157052\/revisions"}],"wp:featuredmedia":[{"embeddable":true,"href":"https:\/\/diarioregionaldigital.com.br\/index.php?rest_route=\/wp\/v2\/media\/157053"}],"wp:attachment":[{"href":"https:\/\/diarioregionaldigital.com.br\/index.php?rest_route=%2Fwp%2Fv2%2Fmedia&parent=157052"}],"wp:term":[{"taxonomy":"category","embeddable":true,"href":"https:\/\/diarioregionaldigital.com.br\/index.php?rest_route=%2Fwp%2Fv2%2Fcategories&post=157052"},{"taxonomy":"post_tag","embeddable":true,"href":"https:\/\/diarioregionaldigital.com.br\/index.php?rest_route=%2Fwp%2Fv2%2Ftags&post=157052"}],"curies":[{"name":"wp","href":"https:\/\/api.w.org\/{rel}","templated":true}]}}