{"id":157046,"date":"2020-03-18T14:35:55","date_gmt":"2020-03-18T17:35:55","guid":{"rendered":"https:\/\/diarioregionaldigital.com.br\/?p=157046"},"modified":"2020-03-18T14:35:55","modified_gmt":"2020-03-18T17:35:55","slug":"projeto-de-lei-pretende-obrigar-a-instalacao-de-dispensadores-de-alcool-em-gel-nos-onibus","status":"publish","type":"post","link":"https:\/\/diarioregionaldigital.com.br\/?p=157046","title":{"rendered":"Projeto de lei pretende obrigar a instala\u00e7\u00e3o de dispensadores de \u00e1lcool em gel nos \u00f4nibus"},"content":{"rendered":"<p>O vereador Cido Reis (PSB) apresentou O projeto de lei que pretende tornar obrigat\u00f3rio que os \u00f4nibus sejam equipados com dispensadores de \u00e1lcool em gel abastecidos. O objetivo \u00e9 diminuir a dissemina\u00e7\u00e3o do COVID-19 em Juiz de Fora. Como destaca Cido, os ve\u00edculos que realizam transporte p\u00fablico s\u00e3o locais de intensa rotatividade de pessoas e \u00e9 importante que usu\u00e1rios e funcion\u00e1rios tenham acesso f\u00e1cil ao produto para higienizar as m\u00e3os.<\/p>\n<p>O parlamentar\u00a0 explica que a instala\u00e7\u00e3o dos dispensadores de \u00e1lcool em gel \u00e9 uma medida simples e eficaz para reduzir a possibilidade de cont\u00e1gio. \u201cO poder de infectividade do v\u00edrus \u00e9 alto, e as pessoas contaminadas t\u00eam grande capacidade de espalhar o vetor, sobretudo quando tossem, espirram ou falam a menos de um metro da outra. Isso \u00e9 agravado quando a pessoa infectada tosse ou espirra nas m\u00e3os e, depois, por instinto, segura-se nos lugares em que outros tamb\u00e9m v\u00e3o se segurar\u201d, afirma.<\/p>\n<p>Cido ressalta que \u00e9 importante que a popula\u00e7\u00e3o incorpore o uso de \u00e1lcool em gel em sua rotina, j\u00e1 que a higieniza\u00e7\u00e3o das m\u00e3os inibe tamb\u00e9m outros tipos de agentes causadores de doen\u00e7as. \u201cCom o surgimento do novo Coronav\u00edrus, o mundo tomou consci\u00eancia do papel imprescind\u00edvel dos h\u00e1bitos de higiene para evitar a transmiss\u00e3o de doen\u00e7as\u201d, pontua.<\/p>\n<p>O projeto de lei, que est\u00e1 tramitando nas Comiss\u00f5es da Casa Legislativa, prev\u00ea que as despesas para inser\u00e7\u00e3o dos dispensadores sejam por conta das empresas concession\u00e1rias do servi\u00e7o de transporte coletivo, e ficam exclu\u00eddas as possibilidades de reembolso por parte do Executivo Municipal ou de repasse dos valores aos usu\u00e1rios desse servi\u00e7o. O PL ainda estabelece san\u00e7\u00f5es para que as empresas concession\u00e1rias que descumprirem a medida recebam, no primeiro momento, advert\u00eancia. J\u00e1 na primeira reincid\u00eancia, o valor da multa ser\u00e1 de 5 mil reais para cada ve\u00edculo da frota em desacordo com a lei. Caso o descumprimento prossiga, o valor aumenta para 10 mil reais e, a partir da terceira reincid\u00eancia, a multa aplicada ser\u00e1 de 15 mil reais.<\/p>\n<p>&nbsp;<\/p>\n<p><strong>Fonte:\u00a0<\/strong>Assessoria<\/p>\n","protected":false},"excerpt":{"rendered":"<p>O vereador Cido Reis (PSB) apresentou O projeto de lei que pretende tornar obrigat\u00f3rio que os \u00f4nibus sejam equipados com dispensadores de \u00e1lcool em gel abastecidos. O objetivo \u00e9 diminuir a dissemina\u00e7\u00e3o do COVID-19 em Juiz de Fora. Como destaca Cido, os ve\u00edculos que realizam transporte p\u00fablico s\u00e3o locais de intensa rotatividade de pessoas e [&hellip;]<\/p>\n","protected":false},"author":96,"featured_media":157047,"comment_status":"closed","ping_status":"closed","sticky":false,"template":"","format":"standard","meta":{"footnotes":""},"categories":[253,436,439],"tags":[],"class_list":["post-157046","post","type-post","status-publish","format-standard","has-post-thumbnail","hentry","category-cidade","category-destaque-da-semana","category-ultima-hora"],"_links":{"self":[{"href":"https:\/\/diarioregionaldigital.com.br\/index.php?rest_route=\/wp\/v2\/posts\/157046","targetHints":{"allow":["GET"]}}],"collection":[{"href":"https:\/\/diarioregionaldigital.com.br\/index.php?rest_route=\/wp\/v2\/posts"}],"about":[{"href":"https:\/\/diarioregionaldigital.com.br\/index.php?rest_route=\/wp\/v2\/types\/post"}],"author":[{"embeddable":true,"href":"https:\/\/diarioregionaldigital.com.br\/index.php?rest_route=\/wp\/v2\/users\/96"}],"replies":[{"embeddable":true,"href":"https:\/\/diarioregionaldigital.com.br\/index.php?rest_route=%2Fwp%2Fv2%2Fcomments&post=157046"}],"version-history":[{"count":0,"href":"https:\/\/diarioregionaldigital.com.br\/index.php?rest_route=\/wp\/v2\/posts\/157046\/revisions"}],"wp:featuredmedia":[{"embeddable":true,"href":"https:\/\/diarioregionaldigital.com.br\/index.php?rest_route=\/wp\/v2\/media\/157047"}],"wp:attachment":[{"href":"https:\/\/diarioregionaldigital.com.br\/index.php?rest_route=%2Fwp%2Fv2%2Fmedia&parent=157046"}],"wp:term":[{"taxonomy":"category","embeddable":true,"href":"https:\/\/diarioregionaldigital.com.br\/index.php?rest_route=%2Fwp%2Fv2%2Fcategories&post=157046"},{"taxonomy":"post_tag","embeddable":true,"href":"https:\/\/diarioregionaldigital.com.br\/index.php?rest_route=%2Fwp%2Fv2%2Ftags&post=157046"}],"curies":[{"name":"wp","href":"https:\/\/api.w.org\/{rel}","templated":true}]}}