{"id":157040,"date":"2020-03-18T14:32:45","date_gmt":"2020-03-18T17:32:45","guid":{"rendered":"https:\/\/diarioregionaldigital.com.br\/?p=157040"},"modified":"2020-03-18T14:32:45","modified_gmt":"2020-03-18T17:32:45","slug":"senado-deve-votar-projeto-que-permite-venda-de-alcool-a-70-em-embalagens-maiores","status":"publish","type":"post","link":"https:\/\/diarioregionaldigital.com.br\/?p=157040","title":{"rendered":"Senado deve votar projeto que permite venda de \u00e1lcool a 70% em embalagens maiores"},"content":{"rendered":"<p>Foi aprovado nessa ter\u00e7a-feira (17) na C\u00e2mara dos Deputados e deve ser votado em breve pelo Senado projeto que permite a venda de \u00e1lcool com concentra\u00e7\u00e3o superior a 54\u00baGL (54%) em embalagens maiores do que as permitidas atualmente e na forma l\u00edquida. Na concentra\u00e7\u00e3o de 70%, o \u00e1lcool et\u00edlico hidratado \u00e9 um dos m\u00e9todos indicados para higieniza\u00e7\u00e3o das m\u00e3os e de combate \u00e0 dissemina\u00e7\u00e3o da covid-19, a doen\u00e7a causada pelo novo coronav\u00edrus.<\/p>\n<p>O PDL 87\/2020 passou no Plen\u00e1rio da C\u00e2mara em regime de urg\u00eancia. O autor, deputado Dr. Luiz Antonio Teixeira Jr. (PP-RJ), pede no texto aprovado a suspens\u00e3o, por 90 dias, de parte da Resolu\u00e7\u00e3o da Anvisa (RDC 46\/2002) que veda a comercializa\u00e7\u00e3o de \u00e1lcool com gradua\u00e7\u00e3o acima de 54\u00b0 GL (54%) em embalagens maiores que 500g (art. 2\u00ba). O intuito da Anvisa, na \u00e9poca, foi evitar queimaduras graves pelo manuseio incorreto do produto.<\/p>\n<p>O artigo 2\u00ba suspenso pela C\u00e2mara tamb\u00e9m determina a venda do produto na forma de gel desnaturado. Ou seja, subst\u00e2ncias com sabores ou odores repugnantes precisam ser adicionadas \u00e0 f\u00f3rmula para evitar o uso do gel em bebidas, alimentos e produtos farmac\u00eauticos sem causar danos \u00e0 sa\u00fade. O texto suspenso pela C\u00e2mara tamb\u00e9m limita a venda do \u00e1lcool et\u00edlico industrial e para testes laboratoriais a uso institucional, sendo vedada a comercializa\u00e7\u00e3o direta ao p\u00fablico.<\/p>\n<p>Segundo o autor do PDL 87\/2020, representantes dos supermercados pediram a libera\u00e7\u00e3o de embalagens maiores de \u00e1lcool l\u00edquido, especialmente o com 70% de concentra\u00e7\u00e3o (GL). Nas g\u00f4ndolas de mercado e de farm\u00e1cias, a concentra\u00e7\u00e3o do \u00e1lcool pode aparecer expressa de diferentes maneiras. Muitas vezes \u00e9 informada em graus Gay Lussac (GL) ou em porcentagem em rela\u00e7\u00e3o ao l\u00edquido total (%) \u2014 que representam a mesma coisa, por definirem, em volume, a porcentagem de \u00e1lcool puro dentro do l\u00edquido. Outras vezes a concentra\u00e7\u00e3o aparece em graus INPM, ou seja, a fra\u00e7\u00e3o de \u00e1lcool medida em massa determinada pelo Instituto Nacional de Pesos e Medidas.<\/p>\n<p>Na pr\u00e1tica, esses valores s\u00e3o aproximados. Um vidro de \u00e1lcool com 93\u00baINPM tem aproximadamente 96% (ou 96\u00baGL).<\/p>\n<p>&nbsp;<\/p>\n<p><strong>Fonte:\u00a0<\/strong>Ag\u00eancia Senado<\/p>\n<p>&nbsp;<\/p>\n","protected":false},"excerpt":{"rendered":"<p>Foi aprovado nessa ter\u00e7a-feira (17) na C\u00e2mara dos Deputados e deve ser votado em breve pelo Senado projeto que permite a venda de \u00e1lcool com concentra\u00e7\u00e3o superior a 54\u00baGL (54%) em embalagens maiores do que as permitidas atualmente e na forma l\u00edquida. Na concentra\u00e7\u00e3o de 70%, o \u00e1lcool et\u00edlico hidratado \u00e9 um dos m\u00e9todos indicados [&hellip;]<\/p>\n","protected":false},"author":96,"featured_media":157041,"comment_status":"closed","ping_status":"closed","sticky":false,"template":"","format":"standard","meta":{"footnotes":""},"categories":[436,254,439],"tags":[],"class_list":["post-157040","post","type-post","status-publish","format-standard","has-post-thumbnail","hentry","category-destaque-da-semana","category-politica","category-ultima-hora"],"_links":{"self":[{"href":"https:\/\/diarioregionaldigital.com.br\/index.php?rest_route=\/wp\/v2\/posts\/157040","targetHints":{"allow":["GET"]}}],"collection":[{"href":"https:\/\/diarioregionaldigital.com.br\/index.php?rest_route=\/wp\/v2\/posts"}],"about":[{"href":"https:\/\/diarioregionaldigital.com.br\/index.php?rest_route=\/wp\/v2\/types\/post"}],"author":[{"embeddable":true,"href":"https:\/\/diarioregionaldigital.com.br\/index.php?rest_route=\/wp\/v2\/users\/96"}],"replies":[{"embeddable":true,"href":"https:\/\/diarioregionaldigital.com.br\/index.php?rest_route=%2Fwp%2Fv2%2Fcomments&post=157040"}],"version-history":[{"count":0,"href":"https:\/\/diarioregionaldigital.com.br\/index.php?rest_route=\/wp\/v2\/posts\/157040\/revisions"}],"wp:featuredmedia":[{"embeddable":true,"href":"https:\/\/diarioregionaldigital.com.br\/index.php?rest_route=\/wp\/v2\/media\/157041"}],"wp:attachment":[{"href":"https:\/\/diarioregionaldigital.com.br\/index.php?rest_route=%2Fwp%2Fv2%2Fmedia&parent=157040"}],"wp:term":[{"taxonomy":"category","embeddable":true,"href":"https:\/\/diarioregionaldigital.com.br\/index.php?rest_route=%2Fwp%2Fv2%2Fcategories&post=157040"},{"taxonomy":"post_tag","embeddable":true,"href":"https:\/\/diarioregionaldigital.com.br\/index.php?rest_route=%2Fwp%2Fv2%2Ftags&post=157040"}],"curies":[{"name":"wp","href":"https:\/\/api.w.org\/{rel}","templated":true}]}}