{"id":157034,"date":"2020-03-18T14:29:55","date_gmt":"2020-03-18T17:29:55","guid":{"rendered":"https:\/\/diarioregionaldigital.com.br\/?p=157034"},"modified":"2020-03-18T14:29:55","modified_gmt":"2020-03-18T17:29:55","slug":"pib-mineiro-cresce-06-no-ultimo-trimestre-de-2019","status":"publish","type":"post","link":"https:\/\/diarioregionaldigital.com.br\/?p=157034","title":{"rendered":"PIB mineiro cresce 0,6% no \u00faltimo trimestre de 2019"},"content":{"rendered":"<p>O PIB mineiro cresceu 0,6% no quarto trimestre de 2019, em compara\u00e7\u00e3o com o trimestre imediatamente anterior. O resultado se justifica pela varia\u00e7\u00e3o positiva da agropecu\u00e1ria (10,6%), do segmento de energia e saneamento (2,5%), da administra\u00e7\u00e3o p\u00fablica (0,9%) e pelo conjunto formado pelos outros servi\u00e7os (0,7%). No per\u00edodo, a estimativa preliminar para o PIB no estado totalizou R$ 164,3 bilh\u00f5es a pre\u00e7os correntes.<\/p>\n<p>Os resultados para o estado de Minas Gerais, calculados pela Funda\u00e7\u00e3o Jo\u00e3o Pinheiro (FJP) com metodologia pr\u00f3pria e divulgados nesta quarta-feira (18) no Informativo Contas Regionais: PIB Trimestral v.2, n.1, s\u00e3o preliminares e sujeitos a revis\u00e3o quando as pesquisas econ\u00f4micas estruturais s\u00e3o divulgadas pelo Instituto Brasileiro de Geografia e Estat\u00edstica (IBGE), usualmente com a defasagem de dois anos.<\/p>\n<p>Com o resultado do \u00faltimo trimestre do ano passado, o PIB de Minas Gerais para 2019 foi estimado de forma preliminar em R$ 632 bilh\u00f5es (8,7% do PIB brasileiro, calculado pelo IBGE em R$ 7.256,9 bilh\u00f5es).<\/p>\n<p>&nbsp;<\/p>\n<p><strong>Fonte:<\/strong>\u00a0Ag\u00eancia Minas<\/p>\n","protected":false},"excerpt":{"rendered":"<p>O PIB mineiro cresceu 0,6% no quarto trimestre de 2019, em compara\u00e7\u00e3o com o trimestre imediatamente anterior. O resultado se justifica pela varia\u00e7\u00e3o positiva da agropecu\u00e1ria (10,6%), do segmento de energia e saneamento (2,5%), da administra\u00e7\u00e3o p\u00fablica (0,9%) e pelo conjunto formado pelos outros servi\u00e7os (0,7%). No per\u00edodo, a estimativa preliminar para o PIB no [&hellip;]<\/p>\n","protected":false},"author":96,"featured_media":157035,"comment_status":"closed","ping_status":"closed","sticky":false,"template":"","format":"standard","meta":{"footnotes":""},"categories":[436,252,439],"tags":[],"class_list":["post-157034","post","type-post","status-publish","format-standard","has-post-thumbnail","hentry","category-destaque-da-semana","category-regiao","category-ultima-hora"],"_links":{"self":[{"href":"https:\/\/diarioregionaldigital.com.br\/index.php?rest_route=\/wp\/v2\/posts\/157034","targetHints":{"allow":["GET"]}}],"collection":[{"href":"https:\/\/diarioregionaldigital.com.br\/index.php?rest_route=\/wp\/v2\/posts"}],"about":[{"href":"https:\/\/diarioregionaldigital.com.br\/index.php?rest_route=\/wp\/v2\/types\/post"}],"author":[{"embeddable":true,"href":"https:\/\/diarioregionaldigital.com.br\/index.php?rest_route=\/wp\/v2\/users\/96"}],"replies":[{"embeddable":true,"href":"https:\/\/diarioregionaldigital.com.br\/index.php?rest_route=%2Fwp%2Fv2%2Fcomments&post=157034"}],"version-history":[{"count":0,"href":"https:\/\/diarioregionaldigital.com.br\/index.php?rest_route=\/wp\/v2\/posts\/157034\/revisions"}],"wp:featuredmedia":[{"embeddable":true,"href":"https:\/\/diarioregionaldigital.com.br\/index.php?rest_route=\/wp\/v2\/media\/157035"}],"wp:attachment":[{"href":"https:\/\/diarioregionaldigital.com.br\/index.php?rest_route=%2Fwp%2Fv2%2Fmedia&parent=157034"}],"wp:term":[{"taxonomy":"category","embeddable":true,"href":"https:\/\/diarioregionaldigital.com.br\/index.php?rest_route=%2Fwp%2Fv2%2Fcategories&post=157034"},{"taxonomy":"post_tag","embeddable":true,"href":"https:\/\/diarioregionaldigital.com.br\/index.php?rest_route=%2Fwp%2Fv2%2Ftags&post=157034"}],"curies":[{"name":"wp","href":"https:\/\/api.w.org\/{rel}","templated":true}]}}