{"id":157021,"date":"2020-03-18T06:00:33","date_gmt":"2020-03-18T09:00:33","guid":{"rendered":"https:\/\/diarioregionaldigital.com.br\/?p=157021"},"modified":"2020-03-18T00:13:41","modified_gmt":"2020-03-18T03:13:41","slug":"qualidade-de-vida-3","status":"publish","type":"post","link":"https:\/\/diarioregionaldigital.com.br\/?p=157021","title":{"rendered":"Qualidade de Vida"},"content":{"rendered":"<p style=\"text-align: center;\"><strong>Oficinas<\/strong><\/p>\n<p style=\"text-align: center;\">Com o objetivo de expandir os horizontes de estudantes de diversas \u00e1reas da ci\u00eancia e despertar novos talentos, o Centro de Ci\u00eancias e, pela primeira vez, em parceria com Jardim Bot\u00e2nico da UFJF, promovem a oitava edi\u00e7\u00e3o da Jornada de Divulga\u00e7\u00e3o Cient\u00edfica. O evento vai at\u00e9 20 de mar\u00e7o, no Centro de Ci\u00eancias, Jardim Bot\u00e2nico e Instituto de Ci\u00eancias Humanas (ICH). Neste ano tema escolhido foi \u201cBioeconomia: Diversidade e riqueza para desenvolvimento sustent\u00e1vel\u201d.<\/p>\n<p style=\"text-align: center;\"><strong>Aut\u00f3grafos<\/strong><\/p>\n<p style=\"text-align: center;\">Com o Ritz Hotel como referencia, o psicanalista Ant\u00f4nio Quinet fez uma bela palestra sobre \u201cO inconsciente teatral de Freud a Lacan e retorno\u201d. Na oportunidade lan\u00e7ou o livro \u201cO inconsciente teatral\u201d. Psicanalise e teatro: homologia. A promo\u00e7\u00e3o foi do F\u00f3rum do Campo Lacaniano Juiz de Fora.<\/p>\n<p style=\"text-align: center;\"><strong>Qualidade de Vida<\/strong><\/p>\n<p style=\"text-align: center;\">Colocando todos para exercitar, o professor Neil Franco faz sucesso na UFJF com atividades relacionados a temas da cultura corporal com \u00eanfase ao campo da arte, da dan\u00e7a, do teatro e da m\u00fasica. O Projeto de Extens\u00e3o de Pernas Pro Ar, da Faculdade de Educa\u00e7\u00e3o f\u00edsica e Desportos (Faefid), est\u00e1 com inscri\u00e7\u00f5es abertas at\u00e9 31 de mar\u00e7o. O objetivo \u00e9 trazer alegria sem a cobran\u00e7a de perfil t\u00e9cnico.<\/p>\n<p style=\"text-align: center;\"><strong>Religiosidade<\/strong><\/p>\n<p style=\"text-align: center;\">A Grande Festa de S\u00e3o Jos\u00e9 ser\u00e1 dia 19 de mar\u00e7o na Igreja de S\u00e3o Jos\u00e9, na Av. Sete de Setembro. Haver\u00e1 missas durante todo o dia e barraquinhas com salgados, doces e refrigerantes. No detalhe, apresenta\u00e7\u00e3o ao final de cada missa de uma bonita apresenta\u00e7\u00e3o sobre S\u00e3o Jos\u00e9.<\/p>\n<p style=\"text-align: center;\"><span style=\"font-size: 14pt;\"><strong>Para Refletir<\/strong> <\/span><\/p>\n<p style=\"text-align: center;\">\u201cQue nada nos limite, que nada nos defina, que nada nos sujeite. Que a liberdade seja nossa pr\u00f3pria subst\u00e2ncia, j\u00e1 que viver \u00e9 ser livre\u201d.<\/p>\n<div id=\"attachment_157010\" style=\"width: 690px\" class=\"wp-caption aligncenter\"><img loading=\"lazy\" decoding=\"async\" aria-describedby=\"caption-attachment-157010\" class=\"wp-image-157010\" src=\"https:\/\/diarioregionaldigital.com.br\/wp-content\/uploads\/fotoa-38-e1584495646809.jpg\" alt=\"\" width=\"680\" height=\"547\" srcset=\"https:\/\/diarioregionaldigital.com.br\/wp-content\/uploads\/fotoa-38-e1584495646809.jpg 1642w, https:\/\/diarioregionaldigital.com.br\/wp-content\/uploads\/fotoa-38-e1584495646809-300x241.jpg 300w, https:\/\/diarioregionaldigital.com.br\/wp-content\/uploads\/fotoa-38-e1584495646809-768x617.jpg 768w, https:\/\/diarioregionaldigital.com.br\/wp-content\/uploads\/fotoa-38-e1584495646809-1024x823.jpg 1024w, https:\/\/diarioregionaldigital.com.br\/wp-content\/uploads\/fotoa-38-e1584495646809-360x289.jpg 360w\" sizes=\"auto, (max-width: 680px) 100vw, 680px\" \/><p id=\"caption-attachment-157010\" class=\"wp-caption-text\">O jornalista Juiz-forano Lucas Fonseca em merecidas f\u00e9rias na bela Recife (PE)<\/p><\/div>\n<div id=\"attachment_157011\" style=\"width: 690px\" class=\"wp-caption aligncenter\"><img loading=\"lazy\" decoding=\"async\" aria-describedby=\"caption-attachment-157011\" class=\"wp-image-157011\" src=\"https:\/\/diarioregionaldigital.com.br\/wp-content\/uploads\/fotob-42-e1584495697761.jpg\" alt=\"\" width=\"680\" height=\"532\" srcset=\"https:\/\/diarioregionaldigital.com.br\/wp-content\/uploads\/fotob-42-e1584495697761.jpg 1795w, https:\/\/diarioregionaldigital.com.br\/wp-content\/uploads\/fotob-42-e1584495697761-300x235.jpg 300w, https:\/\/diarioregionaldigital.com.br\/wp-content\/uploads\/fotob-42-e1584495697761-768x601.jpg 768w, https:\/\/diarioregionaldigital.com.br\/wp-content\/uploads\/fotob-42-e1584495697761-1024x801.jpg 1024w, https:\/\/diarioregionaldigital.com.br\/wp-content\/uploads\/fotob-42-e1584495697761-360x282.jpg 360w\" sizes=\"auto, (max-width: 680px) 100vw, 680px\" \/><p id=\"caption-attachment-157011\" class=\"wp-caption-text\">Em estilo que marca a diferen\u00e7a Ot\u00e1vio Augusto em destaque especial para esta coluna do DR. on-line<\/p><\/div>\n<div id=\"attachment_157012\" style=\"width: 690px\" class=\"wp-caption aligncenter\"><img loading=\"lazy\" decoding=\"async\" aria-describedby=\"caption-attachment-157012\" class=\"wp-image-157012\" src=\"https:\/\/diarioregionaldigital.com.br\/wp-content\/uploads\/fotoc-39-e1584495773888.jpg\" alt=\"\" width=\"680\" height=\"501\" srcset=\"https:\/\/diarioregionaldigital.com.br\/wp-content\/uploads\/fotoc-39-e1584495773888.jpg 2077w, https:\/\/diarioregionaldigital.com.br\/wp-content\/uploads\/fotoc-39-e1584495773888-300x221.jpg 300w, https:\/\/diarioregionaldigital.com.br\/wp-content\/uploads\/fotoc-39-e1584495773888-768x565.jpg 768w, https:\/\/diarioregionaldigital.com.br\/wp-content\/uploads\/fotoc-39-e1584495773888-1024x754.jpg 1024w, https:\/\/diarioregionaldigital.com.br\/wp-content\/uploads\/fotoc-39-e1584495773888-360x265.jpg 360w\" sizes=\"auto, (max-width: 680px) 100vw, 680px\" \/><p id=\"caption-attachment-157012\" class=\"wp-caption-text\">A bel\u00edssima Yasmin Santos desfila sua beleza entre rios e mares por este Brasil brasileiro<\/p><\/div>\n<div id=\"attachment_157013\" style=\"width: 690px\" class=\"wp-caption aligncenter\"><img loading=\"lazy\" decoding=\"async\" aria-describedby=\"caption-attachment-157013\" class=\"wp-image-157013\" src=\"https:\/\/diarioregionaldigital.com.br\/wp-content\/uploads\/fotod-38-e1584495807185.jpg\" alt=\"\" width=\"680\" height=\"501\" srcset=\"https:\/\/diarioregionaldigital.com.br\/wp-content\/uploads\/fotod-38-e1584495807185.jpg 2041w, https:\/\/diarioregionaldigital.com.br\/wp-content\/uploads\/fotod-38-e1584495807185-300x221.jpg 300w, https:\/\/diarioregionaldigital.com.br\/wp-content\/uploads\/fotod-38-e1584495807185-768x566.jpg 768w, https:\/\/diarioregionaldigital.com.br\/wp-content\/uploads\/fotod-38-e1584495807185-1024x754.jpg 1024w, https:\/\/diarioregionaldigital.com.br\/wp-content\/uploads\/fotod-38-e1584495807185-360x265.jpg 360w\" sizes=\"auto, (max-width: 680px) 100vw, 680px\" \/><p id=\"caption-attachment-157013\" class=\"wp-caption-text\">Locomotivas da sociedade em destaque na Chimarrom: Meire Milhomens, L\u00facia Lana, M\u00f4nica Gomide Guimar\u00e3es, Florinha Carmo e Elaine Quaresma<\/p><\/div>\n<div id=\"attachment_157014\" style=\"width: 690px\" class=\"wp-caption aligncenter\"><img loading=\"lazy\" decoding=\"async\" aria-describedby=\"caption-attachment-157014\" class=\"wp-image-157014\" src=\"https:\/\/diarioregionaldigital.com.br\/wp-content\/uploads\/fotoe-36-e1584499842585.jpg\" alt=\"\" width=\"680\" height=\"527\" srcset=\"https:\/\/diarioregionaldigital.com.br\/wp-content\/uploads\/fotoe-36-e1584499842585.jpg 1682w, https:\/\/diarioregionaldigital.com.br\/wp-content\/uploads\/fotoe-36-e1584499842585-300x233.jpg 300w, https:\/\/diarioregionaldigital.com.br\/wp-content\/uploads\/fotoe-36-e1584499842585-768x595.jpg 768w, https:\/\/diarioregionaldigital.com.br\/wp-content\/uploads\/fotoe-36-e1584499842585-1024x794.jpg 1024w, https:\/\/diarioregionaldigital.com.br\/wp-content\/uploads\/fotoe-36-e1584499842585-360x279.jpg 360w\" sizes=\"auto, (max-width: 680px) 100vw, 680px\" \/><p id=\"caption-attachment-157014\" class=\"wp-caption-text\">No CCBM, as talentosas artistas pl\u00e1stica, Regyna Tortoriello e Fernanda Cruzick<\/p><\/div>\n<div id=\"attachment_157015\" style=\"width: 690px\" class=\"wp-caption aligncenter\"><img loading=\"lazy\" decoding=\"async\" aria-describedby=\"caption-attachment-157015\" class=\"wp-image-157015\" src=\"https:\/\/diarioregionaldigital.com.br\/wp-content\/uploads\/fotof-37.jpg\" alt=\"\" width=\"680\" height=\"445\" srcset=\"https:\/\/diarioregionaldigital.com.br\/wp-content\/uploads\/fotof-37.jpg 2772w, https:\/\/diarioregionaldigital.com.br\/wp-content\/uploads\/fotof-37-300x197.jpg 300w, https:\/\/diarioregionaldigital.com.br\/wp-content\/uploads\/fotof-37-768x503.jpg 768w, https:\/\/diarioregionaldigital.com.br\/wp-content\/uploads\/fotof-37-1024x671.jpg 1024w, https:\/\/diarioregionaldigital.com.br\/wp-content\/uploads\/fotof-37-360x236.jpg 360w\" sizes=\"auto, (max-width: 680px) 100vw, 680px\" \/><p id=\"caption-attachment-157015\" class=\"wp-caption-text\">Casal bonito e elegante em jantar comemorando uni\u00e3o est\u00e1vel, Luna Petermann e Carlos Eduardo Meneguiti<\/p><\/div>\n<div id=\"attachment_157016\" style=\"width: 690px\" class=\"wp-caption aligncenter\"><img loading=\"lazy\" decoding=\"async\" aria-describedby=\"caption-attachment-157016\" class=\"wp-image-157016\" src=\"https:\/\/diarioregionaldigital.com.br\/wp-content\/uploads\/fotog-36.jpg\" alt=\"\" width=\"680\" height=\"449\" srcset=\"https:\/\/diarioregionaldigital.com.br\/wp-content\/uploads\/fotog-36.jpg 2640w, https:\/\/diarioregionaldigital.com.br\/wp-content\/uploads\/fotog-36-300x198.jpg 300w, https:\/\/diarioregionaldigital.com.br\/wp-content\/uploads\/fotog-36-768x507.jpg 768w, https:\/\/diarioregionaldigital.com.br\/wp-content\/uploads\/fotog-36-1024x676.jpg 1024w, https:\/\/diarioregionaldigital.com.br\/wp-content\/uploads\/fotog-36-1440x950.jpg 1440w, https:\/\/diarioregionaldigital.com.br\/wp-content\/uploads\/fotog-36-360x238.jpg 360w\" sizes=\"auto, (max-width: 680px) 100vw, 680px\" \/><p id=\"caption-attachment-157016\" class=\"wp-caption-text\">Comemorando Bodas de A\u00e7o, o querido casal Isabella e Leonardo Bonoto<\/p><\/div>\n<div id=\"attachment_157017\" style=\"width: 690px\" class=\"wp-caption aligncenter\"><img loading=\"lazy\" decoding=\"async\" aria-describedby=\"caption-attachment-157017\" class=\"wp-image-157017\" src=\"https:\/\/diarioregionaldigital.com.br\/wp-content\/uploads\/fotoh-30-e1584499903684.jpg\" alt=\"\" width=\"680\" height=\"519\" srcset=\"https:\/\/diarioregionaldigital.com.br\/wp-content\/uploads\/fotoh-30-e1584499903684.jpg 1698w, https:\/\/diarioregionaldigital.com.br\/wp-content\/uploads\/fotoh-30-e1584499903684-300x229.jpg 300w, https:\/\/diarioregionaldigital.com.br\/wp-content\/uploads\/fotoh-30-e1584499903684-768x586.jpg 768w, https:\/\/diarioregionaldigital.com.br\/wp-content\/uploads\/fotoh-30-e1584499903684-1024x781.jpg 1024w, https:\/\/diarioregionaldigital.com.br\/wp-content\/uploads\/fotoh-30-e1584499903684-360x275.jpg 360w\" sizes=\"auto, (max-width: 680px) 100vw, 680px\" \/><p id=\"caption-attachment-157017\" class=\"wp-caption-text\">Beth Ank festejou o anivers\u00e1rio de Z\u00e9 Kodak no Bandeirantes Chez Carlos Guedes<\/p><\/div>\n<div id=\"attachment_157019\" style=\"width: 690px\" class=\"wp-caption aligncenter\"><img loading=\"lazy\" decoding=\"async\" aria-describedby=\"caption-attachment-157019\" class=\"wp-image-157019\" src=\"https:\/\/diarioregionaldigital.com.br\/wp-content\/uploads\/fotoj-25-e1584500439987.jpg\" alt=\"\" width=\"680\" height=\"483\" srcset=\"https:\/\/diarioregionaldigital.com.br\/wp-content\/uploads\/fotoj-25-e1584500439987.jpg 2233w, https:\/\/diarioregionaldigital.com.br\/wp-content\/uploads\/fotoj-25-e1584500439987-300x213.jpg 300w, https:\/\/diarioregionaldigital.com.br\/wp-content\/uploads\/fotoj-25-e1584500439987-768x545.jpg 768w, https:\/\/diarioregionaldigital.com.br\/wp-content\/uploads\/fotoj-25-e1584500439987-1024x727.jpg 1024w, https:\/\/diarioregionaldigital.com.br\/wp-content\/uploads\/fotoj-25-e1584500439987-360x256.jpg 360w, https:\/\/diarioregionaldigital.com.br\/wp-content\/uploads\/fotoj-25-e1584500439987-100x70.jpg 100w\" sizes=\"auto, (max-width: 680px) 100vw, 680px\" \/><p id=\"caption-attachment-157019\" class=\"wp-caption-text\">Amigos lindos em ritmo de almo\u00e7o: Giulio Miranda da Dig\u00e3o Lanches com Hyla Salma da \u201cGreen Station JF\u201d<\/p><\/div>\n<div id=\"attachment_157018\" style=\"width: 690px\" class=\"wp-caption aligncenter\"><img loading=\"lazy\" decoding=\"async\" aria-describedby=\"caption-attachment-157018\" class=\"wp-image-157018\" src=\"https:\/\/diarioregionaldigital.com.br\/wp-content\/uploads\/fotoi-34-e1584499958455.jpg\" alt=\"\" width=\"680\" height=\"453\" srcset=\"https:\/\/diarioregionaldigital.com.br\/wp-content\/uploads\/fotoi-34-e1584499958455.jpg 2433w, https:\/\/diarioregionaldigital.com.br\/wp-content\/uploads\/fotoi-34-e1584499958455-300x200.jpg 300w, https:\/\/diarioregionaldigital.com.br\/wp-content\/uploads\/fotoi-34-e1584499958455-768x512.jpg 768w, https:\/\/diarioregionaldigital.com.br\/wp-content\/uploads\/fotoi-34-e1584499958455-1024x683.jpg 1024w, https:\/\/diarioregionaldigital.com.br\/wp-content\/uploads\/fotoi-34-e1584499958455-360x240.jpg 360w\" sizes=\"auto, (max-width: 680px) 100vw, 680px\" \/><p id=\"caption-attachment-157018\" class=\"wp-caption-text\">Gente querida no n\u00edver de Z\u00e9 Kodak no Bandeirantes: Fabiano Garcia, Carlos Barbosa, Rebeka Felini, Nelson Rezende de Barros e Oswaldo Souza<\/p><\/div>\n<p style=\"text-align: center;\"><strong>FOTOSS\u00cdNTESE<\/strong><\/p>\n<p>O Superlativo Oz\u00f4nio formado por atores de Juiz de Fora dos grupos Corpo Coletivo, N\u00facleo Teatral Prisma e Santa Corja adiaram sua ida para o Festival de Teatro de Curitiba(PR) que seria realizado de 31 de mar\u00e7o a 5 de abril. O festival foi adiado para setembro devido a pandemia do Coronav\u00edrus.<\/p>\n<p>Retornando de Cabo Frio, Fernando Luis Baldioti e Christina Elizabeth Baldioti. De Fortaleza j\u00e1 chegaram Nely Nicolau Fabella e de Tiradentes, Marc\u00edlio Gomes e Cristina Farage.<\/p>\n<p>Din\u00e2mica e atuante, a Coordenadora do Grupo Mulheres do Brasil, Raquel Souza est\u00e1 pilotando o projeto \u201cElas pintam o 7\u201d, em parceria com a Lago Engenheiras. Elas j\u00e1 conclu\u00edram a reforma de uma sala da ABAN, onde ir\u00e1 funcionar um ateli\u00ea de customiza\u00e7\u00e3o de roupas.<\/p>\n<p>A bela Tassiane Agostinho passou e deu aquele al\u00f4.<\/p>\n<p>Depois que a chuva passou agora o Privil\u00e9ge marcou para o dia 27 de mar\u00e7o (sexta-feira) a reabertura social com super festa. Festa adiada.<\/p>\n<p>A elegante Lucinha Silva recebe no dia 27 de mar\u00e7o para o lan\u00e7amento da cole\u00e7\u00e3o outono-inverno da loja Veneno.<\/p>\n<p>Com bom p\u00fablico, a escritora Juliana James lan\u00e7ou na Biblioteca Murilo Mendes, os livros \u201cEntrei para a fam\u00edlia\u201d e \u201cA lua e o riacho\u201d.<\/p>\n<p>Para atualizar: As trajet\u00f3rias das mulheres suas aspira\u00e7\u00f5es, dores e narrativas a depender de suas cores de pele ainda est\u00e3o em descompasso. A ideia e enxergar as pluralidades e particularidades, nem que seja nas mesas de debates de mar\u00e7o. Bom dia.<\/p>\n<p><img loading=\"lazy\" decoding=\"async\" class=\"aligncenter size-full wp-image-157022\" src=\"https:\/\/diarioregionaldigital.com.br\/wp-content\/uploads\/anuncio23.jpg\" alt=\"\" width=\"3521\" height=\"1348\" srcset=\"https:\/\/diarioregionaldigital.com.br\/wp-content\/uploads\/anuncio23.jpg 3521w, https:\/\/diarioregionaldigital.com.br\/wp-content\/uploads\/anuncio23-300x115.jpg 300w, https:\/\/diarioregionaldigital.com.br\/wp-content\/uploads\/anuncio23-768x294.jpg 768w, https:\/\/diarioregionaldigital.com.br\/wp-content\/uploads\/anuncio23-1024x392.jpg 1024w, https:\/\/diarioregionaldigital.com.br\/wp-content\/uploads\/anuncio23-360x138.jpg 360w\" sizes=\"auto, (max-width: 3521px) 100vw, 3521px\" \/><\/p>\n","protected":false},"excerpt":{"rendered":"<p>Oficinas Com o objetivo de expandir os horizontes de estudantes de diversas \u00e1reas da ci\u00eancia e despertar novos talentos, o Centro de Ci\u00eancias e, pela primeira vez, em parceria com Jardim Bot\u00e2nico da UFJF, promovem a oitava edi\u00e7\u00e3o da Jornada de Divulga\u00e7\u00e3o Cient\u00edfica. O evento vai at\u00e9 20 de mar\u00e7o, no Centro de Ci\u00eancias, Jardim [&hellip;]<\/p>\n","protected":false},"author":96,"featured_media":157010,"comment_status":"closed","ping_status":"closed","sticky":false,"template":"","format":"standard","meta":{"footnotes":""},"categories":[264],"tags":[],"class_list":["post-157021","post","type-post","status-publish","format-standard","has-post-thumbnail","hentry","category-eduardo-gomes"],"_links":{"self":[{"href":"https:\/\/diarioregionaldigital.com.br\/index.php?rest_route=\/wp\/v2\/posts\/157021","targetHints":{"allow":["GET"]}}],"collection":[{"href":"https:\/\/diarioregionaldigital.com.br\/index.php?rest_route=\/wp\/v2\/posts"}],"about":[{"href":"https:\/\/diarioregionaldigital.com.br\/index.php?rest_route=\/wp\/v2\/types\/post"}],"author":[{"embeddable":true,"href":"https:\/\/diarioregionaldigital.com.br\/index.php?rest_route=\/wp\/v2\/users\/96"}],"replies":[{"embeddable":true,"href":"https:\/\/diarioregionaldigital.com.br\/index.php?rest_route=%2Fwp%2Fv2%2Fcomments&post=157021"}],"version-history":[{"count":0,"href":"https:\/\/diarioregionaldigital.com.br\/index.php?rest_route=\/wp\/v2\/posts\/157021\/revisions"}],"wp:featuredmedia":[{"embeddable":true,"href":"https:\/\/diarioregionaldigital.com.br\/index.php?rest_route=\/wp\/v2\/media\/157010"}],"wp:attachment":[{"href":"https:\/\/diarioregionaldigital.com.br\/index.php?rest_route=%2Fwp%2Fv2%2Fmedia&parent=157021"}],"wp:term":[{"taxonomy":"category","embeddable":true,"href":"https:\/\/diarioregionaldigital.com.br\/index.php?rest_route=%2Fwp%2Fv2%2Fcategories&post=157021"},{"taxonomy":"post_tag","embeddable":true,"href":"https:\/\/diarioregionaldigital.com.br\/index.php?rest_route=%2Fwp%2Fv2%2Ftags&post=157021"}],"curies":[{"name":"wp","href":"https:\/\/api.w.org\/{rel}","templated":true}]}}