{"id":157007,"date":"2020-03-17T14:32:44","date_gmt":"2020-03-17T17:32:44","guid":{"rendered":"https:\/\/diarioregionaldigital.com.br\/?p=157007"},"modified":"2020-03-17T14:32:44","modified_gmt":"2020-03-17T17:32:44","slug":"veiculo-adquirido-pela-internet-e-apreendido-pela-policia-civil","status":"publish","type":"post","link":"https:\/\/diarioregionaldigital.com.br\/?p=157007","title":{"rendered":"Ve\u00edculo adquirido pela internet \u00e9 apreendido pela Pol\u00edcia Civil"},"content":{"rendered":"<p>Um autom\u00f3vel de cor preta foi apreendido pela Pol\u00edcia Civil, nessa segunda-feira (16), no Bairro Costa Carvalho (Regi\u00e3o Leste) em Juiz de Fora. Segundo informa\u00e7\u00f5es da PCMG, o ve\u00edculo seria clonado e o condutor prestou esclarecimentos sobre o caso.<\/p>\n<p>As apura\u00e7\u00f5es feitas pelos policiais indicam que o modelo original estava na cidade do Rio de Janeiro, com o verdadeiro propriet\u00e1rio. Em Juiz de Fora, foi encontrado um outro ve\u00edculo com a placa do mesmo autom\u00f3vel.<\/p>\n<p>Segundo informa\u00e7\u00f5es do titular da Delegacia Especializada de Repress\u00e3o a Roubos, Delegado Carlos Eduardo Santos Rodrigues, o ve\u00edculo abordado era conduzido por um homem de 33 anos:<\/p>\n<p>&nbsp;<\/p>\n<p>\u201cEle explicou aos policiais que havia comprado o autom\u00f3vel de um anunciante na internet. Os agentes descobriram que, na realidade, tratava-se de um golpe. Foi entregue um carro de outra marca, em troca do autom\u00f3vel apreendido\u201d, explicou, complementando que as investiga\u00e7\u00f5es est\u00e3o em andamento, com a identifica\u00e7\u00e3o do suspeito de ter aplicado o golpe.<\/p>\n<p>&nbsp;<\/p>\n<p>Segundo a autoridade policial, \u201cmais uma vez foi realizada a\u00e7\u00e3o de combate a adultera\u00e7\u00e3o de ve\u00edculos e, novamente, constatou-se que os suspeitos realizam furtos e roubos de ve\u00edculos em outros estados e encaminham para a cidade mineira\u201d.<\/p>\n<p>&nbsp;<\/p>\n<p>O Delegado alerta sobre compra de autom\u00f3vel pela internet e diz que \u00e9 preciso tomar certos cuidados antes da aquisi\u00e7\u00e3o:<\/p>\n<p>&nbsp;<\/p>\n<p>&#8220;As pessoas devem ficar atentas com ve\u00edculos anunciados por valores muito baratos e, principalmente, a neg\u00f3cios em que o vendedor se recusa a entregar o recibo de compra e venda&#8221;.<\/p>\n<p>&nbsp;<\/p>\n<p>O homem de 33 anos foi ouvido na Delegacia Especializada de Repress\u00e3o a Roubos e foi liberado. As apura\u00e7\u00f5es sobre o caso seguem em andamento.<\/p>\n<p>&nbsp;<\/p>\n","protected":false},"excerpt":{"rendered":"<p>Um autom\u00f3vel de cor preta foi apreendido pela Pol\u00edcia Civil, nessa segunda-feira (16), no Bairro Costa Carvalho (Regi\u00e3o Leste) em Juiz de Fora. Segundo informa\u00e7\u00f5es da PCMG, o ve\u00edculo seria clonado e o condutor prestou esclarecimentos sobre o caso. As apura\u00e7\u00f5es feitas pelos policiais indicam que o modelo original estava na cidade do Rio de [&hellip;]<\/p>\n","protected":false},"author":96,"featured_media":157008,"comment_status":"closed","ping_status":"closed","sticky":false,"template":"","format":"standard","meta":{"footnotes":""},"categories":[301,436,440,439],"tags":[],"class_list":["post-157007","post","type-post","status-publish","format-standard","has-post-thumbnail","hentry","category-artigos-policiais","category-destaque-da-semana","category-destaques-do-dia","category-ultima-hora"],"_links":{"self":[{"href":"https:\/\/diarioregionaldigital.com.br\/index.php?rest_route=\/wp\/v2\/posts\/157007","targetHints":{"allow":["GET"]}}],"collection":[{"href":"https:\/\/diarioregionaldigital.com.br\/index.php?rest_route=\/wp\/v2\/posts"}],"about":[{"href":"https:\/\/diarioregionaldigital.com.br\/index.php?rest_route=\/wp\/v2\/types\/post"}],"author":[{"embeddable":true,"href":"https:\/\/diarioregionaldigital.com.br\/index.php?rest_route=\/wp\/v2\/users\/96"}],"replies":[{"embeddable":true,"href":"https:\/\/diarioregionaldigital.com.br\/index.php?rest_route=%2Fwp%2Fv2%2Fcomments&post=157007"}],"version-history":[{"count":0,"href":"https:\/\/diarioregionaldigital.com.br\/index.php?rest_route=\/wp\/v2\/posts\/157007\/revisions"}],"wp:featuredmedia":[{"embeddable":true,"href":"https:\/\/diarioregionaldigital.com.br\/index.php?rest_route=\/wp\/v2\/media\/157008"}],"wp:attachment":[{"href":"https:\/\/diarioregionaldigital.com.br\/index.php?rest_route=%2Fwp%2Fv2%2Fmedia&parent=157007"}],"wp:term":[{"taxonomy":"category","embeddable":true,"href":"https:\/\/diarioregionaldigital.com.br\/index.php?rest_route=%2Fwp%2Fv2%2Fcategories&post=157007"},{"taxonomy":"post_tag","embeddable":true,"href":"https:\/\/diarioregionaldigital.com.br\/index.php?rest_route=%2Fwp%2Fv2%2Ftags&post=157007"}],"curies":[{"name":"wp","href":"https:\/\/api.w.org\/{rel}","templated":true}]}}