{"id":157002,"date":"2020-03-17T14:12:43","date_gmt":"2020-03-17T17:12:43","guid":{"rendered":"https:\/\/diarioregionaldigital.com.br\/?p=157002"},"modified":"2020-03-17T14:12:43","modified_gmt":"2020-03-17T17:12:43","slug":"divulgacao-dos-resultados-dos-modulos-i-e-ii-do-pism-tem-data-alterada","status":"publish","type":"post","link":"https:\/\/diarioregionaldigital.com.br\/?p=157002","title":{"rendered":"Divulga\u00e7\u00e3o dos resultados dos m\u00f3dulos I e II do Pism tem data alterada"},"content":{"rendered":"<p>A Coordena\u00e7\u00e3o Geral de Processos Seletivos (Copese) da Universidade Federal de Juiz de Fora (UFJF), anunciou o adiamento da data de divulga\u00e7\u00e3o do resultado final dos m\u00f3dulos I e II do Programa de Ingresso Seletivo Misto (Pism). A publica\u00e7\u00e3o estava marcada para esta quarta-feira (18).<\/p>\n<p>Com a altera\u00e7\u00e3o, o resultado final est\u00e1 previsto para ser divulgado nesta sexta-feira (20), atrav\u00e9s do portal da Copese. Nesta edi\u00e7\u00e3o, o M\u00f3dulo I teve 20.427 participantes e o m\u00f3dulo II contou com 12.170 candidatos inscritos.<\/p>\n","protected":false},"excerpt":{"rendered":"<p>A Coordena\u00e7\u00e3o Geral de Processos Seletivos (Copese) da Universidade Federal de Juiz de Fora (UFJF), anunciou o adiamento da data de divulga\u00e7\u00e3o do resultado final dos m\u00f3dulos I e II do Programa de Ingresso Seletivo Misto (Pism). A publica\u00e7\u00e3o estava marcada para esta quarta-feira (18). Com a altera\u00e7\u00e3o, o resultado final est\u00e1 previsto para ser [&hellip;]<\/p>\n","protected":false},"author":96,"featured_media":157003,"comment_status":"closed","ping_status":"closed","sticky":false,"template":"","format":"standard","meta":{"footnotes":""},"categories":[253,436,440,439],"tags":[],"class_list":["post-157002","post","type-post","status-publish","format-standard","has-post-thumbnail","hentry","category-cidade","category-destaque-da-semana","category-destaques-do-dia","category-ultima-hora"],"_links":{"self":[{"href":"https:\/\/diarioregionaldigital.com.br\/index.php?rest_route=\/wp\/v2\/posts\/157002","targetHints":{"allow":["GET"]}}],"collection":[{"href":"https:\/\/diarioregionaldigital.com.br\/index.php?rest_route=\/wp\/v2\/posts"}],"about":[{"href":"https:\/\/diarioregionaldigital.com.br\/index.php?rest_route=\/wp\/v2\/types\/post"}],"author":[{"embeddable":true,"href":"https:\/\/diarioregionaldigital.com.br\/index.php?rest_route=\/wp\/v2\/users\/96"}],"replies":[{"embeddable":true,"href":"https:\/\/diarioregionaldigital.com.br\/index.php?rest_route=%2Fwp%2Fv2%2Fcomments&post=157002"}],"version-history":[{"count":0,"href":"https:\/\/diarioregionaldigital.com.br\/index.php?rest_route=\/wp\/v2\/posts\/157002\/revisions"}],"wp:featuredmedia":[{"embeddable":true,"href":"https:\/\/diarioregionaldigital.com.br\/index.php?rest_route=\/wp\/v2\/media\/157003"}],"wp:attachment":[{"href":"https:\/\/diarioregionaldigital.com.br\/index.php?rest_route=%2Fwp%2Fv2%2Fmedia&parent=157002"}],"wp:term":[{"taxonomy":"category","embeddable":true,"href":"https:\/\/diarioregionaldigital.com.br\/index.php?rest_route=%2Fwp%2Fv2%2Fcategories&post=157002"},{"taxonomy":"post_tag","embeddable":true,"href":"https:\/\/diarioregionaldigital.com.br\/index.php?rest_route=%2Fwp%2Fv2%2Ftags&post=157002"}],"curies":[{"name":"wp","href":"https:\/\/api.w.org\/{rel}","templated":true}]}}