{"id":156999,"date":"2020-03-17T14:11:36","date_gmt":"2020-03-17T17:11:36","guid":{"rendered":"https:\/\/diarioregionaldigital.com.br\/?p=156999"},"modified":"2020-03-17T14:11:36","modified_gmt":"2020-03-17T17:11:36","slug":"prefeito-anuncia-em-entrevista-coletiva-medidas-de-contencao-ao-coronavirus-em-jf","status":"publish","type":"post","link":"https:\/\/diarioregionaldigital.com.br\/?p=156999","title":{"rendered":"Prefeito anuncia em entrevista coletiva medidas de conten\u00e7\u00e3o ao coronav\u00edrus em JF"},"content":{"rendered":"<p>O prefeito Ant\u00f4nio Almas anunciou, em entrevista coletiva, as medidas tomadas para conter o avan\u00e7o do Covid-19, conhecido como novo coronav\u00edrus. Assim, a Prefeitura de Juiz de Fora (PJF) decidiu suspender as aulas da rede municipal a partir dessa ter\u00e7a-feira (17), recomendando que todas as institui\u00e7\u00f5es de ensino sigam a orienta\u00e7\u00e3o.<\/p>\n<p>Em rela\u00e7\u00e3o aos eventos da administra\u00e7\u00e3o municipal, Almas informou que todos eles est\u00e3o suspensos a partir de agora, por tempo indeterminado. No caso das promo\u00e7\u00f5es privadas, a recomenda\u00e7\u00e3o \u00e9 que aquelas com p\u00fablico acima de cem pessoas sejam suspensas. \u201cRessalto que as a\u00e7\u00f5es s\u00f3 ter\u00e3o efic\u00e1cia se cada cidad\u00e3o fizer sua parte. Por isso, \u00e9 necess\u00e1rio que todos evitem locais com aglomera\u00e7\u00e3o\u201d, apontou Almas.<\/p>\n<p>A respeito das decis\u00f5es tomadas e anunciadas, o prefeito ressaltou que \u201cesta doen\u00e7a \u00e9 din\u00e2mica, e \u00e9 preciso que todos entendam isso, porque talvez seja necess\u00e1rio ampliar ou alterar as medidas apresentadas. Entretanto, n\u00e3o \u00e9 quest\u00e3o de p\u00e2nico. A Prefeitura montou comit\u00ea que estudar\u00e1 a situa\u00e7\u00e3o epidemiol\u00f3gica todos os dias. Tomaremos todas as medidas necess\u00e1rias para conter o avan\u00e7o da doen\u00e7a no Munic\u00edpio\u201d, afirmou Almas.<\/p>\n<p>&nbsp;<\/p>\n<p><strong>Principais medidas:<\/strong><\/p>\n<p>&#8211; Suspens\u00e3o das aulas da rede municipal por tempo indeterminado;<\/p>\n<p>&#8211; Recomenda\u00e7\u00e3o para que todas as institui\u00e7\u00f5es de ensino suspendam as atividades;<\/p>\n<p>&#8211; Suspens\u00e3o de todos os eventos municipais;<\/p>\n<p>&#8211; Recomenda\u00e7\u00e3o que todas as atividades, de cunho privado, com p\u00fablico superior a cem pessoas, sejam suspensas;<\/p>\n<p>&#8211; Cria\u00e7\u00e3o de comit\u00ea municipal para estudar a situa\u00e7\u00e3o epidemiol\u00f3gica da cidade constantemente;<\/p>\n<p>&#8211; Confec\u00e7\u00e3o de material gr\u00e1fico para campanha informativa sobre o Covid-19;<\/p>\n<p>&#8211; Trabalho junto aos hospitais da cidade para amplia\u00e7\u00e3o do n\u00famero de leitos de Unidade de Terapia Intensiva (UTI).<\/p>\n<p>&nbsp;<\/p>\n<p><strong>Eventos municipais suspensos:<\/strong><\/p>\n<p><strong>Dia 18<\/strong> &#8211; Caf\u00e9 da manh\u00e3 com rede de entidades que atua junto a pessoas com defici\u00eancia;<\/p>\n<p><strong>Dia 19<\/strong> &#8211; Posse do Conselho Municipal de Assist\u00eancia Social;<\/p>\n<p><strong>Dia 20<\/strong> &#8211; Assinatura de conv\u00eanio entre Defesa Civil e Centro Universit\u00e1rio Est\u00e1cio;<\/p>\n<p><strong>Dia 24<\/strong> &#8211; Confer\u00eancia das Juventudes;<\/p>\n<p><strong>Dia 25<\/strong> &#8211; Congresso da Ag\u00eancia de Prote\u00e7\u00e3o e Defesa do Consumidor (Procon);<\/p>\n<p><strong>Dia 26<\/strong> &#8211; Abertura de oficina para novos servidores;<\/p>\n<p><strong>Dia 27<\/strong> &#8211; Trof\u00e9u \u201cMulher Cidad\u00e3 2020\u201d;<\/p>\n<p><strong>Dia 28<\/strong> &#8211; Evento comemorativo de cinco anos da Pra\u00e7a do Centro de Artes e Esporte Unificado (CEU).<\/p>\n<p>&nbsp;<\/p>\n<p><strong>Situa\u00e7\u00e3o epidemiol\u00f3gica em Juiz de Fora:<\/strong><\/p>\n<p>O Departamento de Vigil\u00e2ncia Epidemiol\u00f3gica e Ambiental (Dvea), da PJF enviou 22 notifica\u00e7\u00f5es ao Centro de Informa\u00e7\u00f5es Estrat\u00e9gicas em Vigil\u00e2ncia em Sa\u00fade (Cievs), da Secretaria de Estado de Sa\u00fade (SES). At\u00e9 o momento, a cidade apresenta 11 casos suspeitos, dois confirmados e um descartado, conforme boletim di\u00e1rio da SES.<\/p>\n<p>&nbsp;<\/p>\n<p><strong>Fonte:\u00a0<\/strong>Assessoria<\/p>\n","protected":false},"excerpt":{"rendered":"<p>O prefeito Ant\u00f4nio Almas anunciou, em entrevista coletiva, as medidas tomadas para conter o avan\u00e7o do Covid-19, conhecido como novo coronav\u00edrus. Assim, a Prefeitura de Juiz de Fora (PJF) decidiu suspender as aulas da rede municipal a partir dessa ter\u00e7a-feira (17), recomendando que todas as institui\u00e7\u00f5es de ensino sigam a orienta\u00e7\u00e3o. Em rela\u00e7\u00e3o aos eventos [&hellip;]<\/p>\n","protected":false},"author":96,"featured_media":157000,"comment_status":"closed","ping_status":"closed","sticky":false,"template":"","format":"standard","meta":{"footnotes":""},"categories":[253,436,440,439],"tags":[],"class_list":["post-156999","post","type-post","status-publish","format-standard","has-post-thumbnail","hentry","category-cidade","category-destaque-da-semana","category-destaques-do-dia","category-ultima-hora"],"_links":{"self":[{"href":"https:\/\/diarioregionaldigital.com.br\/index.php?rest_route=\/wp\/v2\/posts\/156999","targetHints":{"allow":["GET"]}}],"collection":[{"href":"https:\/\/diarioregionaldigital.com.br\/index.php?rest_route=\/wp\/v2\/posts"}],"about":[{"href":"https:\/\/diarioregionaldigital.com.br\/index.php?rest_route=\/wp\/v2\/types\/post"}],"author":[{"embeddable":true,"href":"https:\/\/diarioregionaldigital.com.br\/index.php?rest_route=\/wp\/v2\/users\/96"}],"replies":[{"embeddable":true,"href":"https:\/\/diarioregionaldigital.com.br\/index.php?rest_route=%2Fwp%2Fv2%2Fcomments&post=156999"}],"version-history":[{"count":0,"href":"https:\/\/diarioregionaldigital.com.br\/index.php?rest_route=\/wp\/v2\/posts\/156999\/revisions"}],"wp:featuredmedia":[{"embeddable":true,"href":"https:\/\/diarioregionaldigital.com.br\/index.php?rest_route=\/wp\/v2\/media\/157000"}],"wp:attachment":[{"href":"https:\/\/diarioregionaldigital.com.br\/index.php?rest_route=%2Fwp%2Fv2%2Fmedia&parent=156999"}],"wp:term":[{"taxonomy":"category","embeddable":true,"href":"https:\/\/diarioregionaldigital.com.br\/index.php?rest_route=%2Fwp%2Fv2%2Fcategories&post=156999"},{"taxonomy":"post_tag","embeddable":true,"href":"https:\/\/diarioregionaldigital.com.br\/index.php?rest_route=%2Fwp%2Fv2%2Ftags&post=156999"}],"curies":[{"name":"wp","href":"https:\/\/api.w.org\/{rel}","templated":true}]}}