{"id":156996,"date":"2020-03-17T14:09:38","date_gmt":"2020-03-17T17:09:38","guid":{"rendered":"https:\/\/diarioregionaldigital.com.br\/?p=156996"},"modified":"2020-03-17T14:09:38","modified_gmt":"2020-03-17T17:09:38","slug":"camara-participa-de-reuniao-da-comissao-para-conclusao-das-obras-do-hospital-regional","status":"publish","type":"post","link":"https:\/\/diarioregionaldigital.com.br\/?p=156996","title":{"rendered":"C\u00e2mara participa de reuni\u00e3o da Comiss\u00e3o para Conclus\u00e3o das Obras do Hospital Regional"},"content":{"rendered":"<p>A Comiss\u00e3o Parlamentar pela Conclus\u00e3o das Obras do Hospital Regional da Zona da Mata se reuniu em Bras\u00edlia, com a presen\u00e7a do vereador J\u00falio Obama Jr. (Podemos) representando a C\u00e2mara Municipal. Os membros da Comiss\u00e3o estavam acompanhados do ministro de Sa\u00fade, Henrique Mandetta. Algumas diretrizes foram definidas para a conclus\u00e3o da obra, na qual j\u00e1 foram investidos R$ 70 milh\u00f5es. De acordo com o vereador, os pr\u00f3ximos passos j\u00e1 determinados pelo ministro s\u00e3o: reuni\u00e3o com o secret\u00e1rio de Sa\u00fade de Minas Gerais; levantamento de informa\u00e7\u00f5es de auditoria sobre a obra e valores e reuni\u00e3o conjunta com o prefeito de Juiz de Fora e o secret\u00e1rio municipal de Sa\u00fade, para presta\u00e7\u00e3o de contas referente \u00e0 \u00faltima etapa da obra do hospital, cujo repasse de R$ 34 milh\u00f5es ainda n\u00e3o foi feito.<\/p>\n<p>&nbsp;<\/p>\n<p><strong>Fonte:\u00a0<\/strong>Assessoria<\/p>\n","protected":false},"excerpt":{"rendered":"<p>A Comiss\u00e3o Parlamentar pela Conclus\u00e3o das Obras do Hospital Regional da Zona da Mata se reuniu em Bras\u00edlia, com a presen\u00e7a do vereador J\u00falio Obama Jr. (Podemos) representando a C\u00e2mara Municipal. Os membros da Comiss\u00e3o estavam acompanhados do ministro de Sa\u00fade, Henrique Mandetta. Algumas diretrizes foram definidas para a conclus\u00e3o da obra, na qual j\u00e1 [&hellip;]<\/p>\n","protected":false},"author":96,"featured_media":156997,"comment_status":"closed","ping_status":"closed","sticky":false,"template":"","format":"standard","meta":{"footnotes":""},"categories":[253,436,439],"tags":[],"class_list":["post-156996","post","type-post","status-publish","format-standard","has-post-thumbnail","hentry","category-cidade","category-destaque-da-semana","category-ultima-hora"],"_links":{"self":[{"href":"https:\/\/diarioregionaldigital.com.br\/index.php?rest_route=\/wp\/v2\/posts\/156996","targetHints":{"allow":["GET"]}}],"collection":[{"href":"https:\/\/diarioregionaldigital.com.br\/index.php?rest_route=\/wp\/v2\/posts"}],"about":[{"href":"https:\/\/diarioregionaldigital.com.br\/index.php?rest_route=\/wp\/v2\/types\/post"}],"author":[{"embeddable":true,"href":"https:\/\/diarioregionaldigital.com.br\/index.php?rest_route=\/wp\/v2\/users\/96"}],"replies":[{"embeddable":true,"href":"https:\/\/diarioregionaldigital.com.br\/index.php?rest_route=%2Fwp%2Fv2%2Fcomments&post=156996"}],"version-history":[{"count":0,"href":"https:\/\/diarioregionaldigital.com.br\/index.php?rest_route=\/wp\/v2\/posts\/156996\/revisions"}],"wp:featuredmedia":[{"embeddable":true,"href":"https:\/\/diarioregionaldigital.com.br\/index.php?rest_route=\/wp\/v2\/media\/156997"}],"wp:attachment":[{"href":"https:\/\/diarioregionaldigital.com.br\/index.php?rest_route=%2Fwp%2Fv2%2Fmedia&parent=156996"}],"wp:term":[{"taxonomy":"category","embeddable":true,"href":"https:\/\/diarioregionaldigital.com.br\/index.php?rest_route=%2Fwp%2Fv2%2Fcategories&post=156996"},{"taxonomy":"post_tag","embeddable":true,"href":"https:\/\/diarioregionaldigital.com.br\/index.php?rest_route=%2Fwp%2Fv2%2Ftags&post=156996"}],"curies":[{"name":"wp","href":"https:\/\/api.w.org\/{rel}","templated":true}]}}