{"id":156993,"date":"2020-03-17T14:07:52","date_gmt":"2020-03-17T17:07:52","guid":{"rendered":"https:\/\/diarioregionaldigital.com.br\/?p=156993"},"modified":"2020-03-17T14:07:52","modified_gmt":"2020-03-17T17:07:52","slug":"menor-infrator-e-preso-por-posse-de-drogas-no-jardim-natal","status":"publish","type":"post","link":"https:\/\/diarioregionaldigital.com.br\/?p=156993","title":{"rendered":"Menor infrator \u00e9 preso por posse de drogas no Jardim Natal"},"content":{"rendered":"<p>A Pol\u00edcia Militar (PM), prendeu nessa segunda-feira (16), um menor infrator, sem idade informada, por envolvimento em tr\u00e1fico de drogas no Bairro Jardim Natal (Regi\u00e3o Noroeste) em Juiz de Fora.<\/p>\n<p>O caso ocorreu durante a execu\u00e7\u00e3o da Opera\u00e7\u00e3o Batida Policial pelo local, quando em um determinado momento os policiais avistaram o infrator j\u00e1 conhecido no meio policial. A PM abordou o indiv\u00edduo e foram encontradas 15 buchas de maconha, 11 eppendorfs de coca\u00edna e R$ 117,00 em dinheiro.<\/p>\n<p>O menor infrator foi apreendido junto com os materiais. Todos conduzidos para \u00e0 Delegacia, onde ser\u00e3o tomadas devidas provid\u00eancias.<\/p>\n<p>&nbsp;<\/p>\n","protected":false},"excerpt":{"rendered":"<p>A Pol\u00edcia Militar (PM), prendeu nessa segunda-feira (16), um menor infrator, sem idade informada, por envolvimento em tr\u00e1fico de drogas no Bairro Jardim Natal (Regi\u00e3o Noroeste) em Juiz de Fora. O caso ocorreu durante a execu\u00e7\u00e3o da Opera\u00e7\u00e3o Batida Policial pelo local, quando em um determinado momento os policiais avistaram o infrator j\u00e1 conhecido no [&hellip;]<\/p>\n","protected":false},"author":96,"featured_media":156994,"comment_status":"closed","ping_status":"closed","sticky":false,"template":"","format":"standard","meta":{"footnotes":""},"categories":[301,436,439],"tags":[],"class_list":["post-156993","post","type-post","status-publish","format-standard","has-post-thumbnail","hentry","category-artigos-policiais","category-destaque-da-semana","category-ultima-hora"],"_links":{"self":[{"href":"https:\/\/diarioregionaldigital.com.br\/index.php?rest_route=\/wp\/v2\/posts\/156993","targetHints":{"allow":["GET"]}}],"collection":[{"href":"https:\/\/diarioregionaldigital.com.br\/index.php?rest_route=\/wp\/v2\/posts"}],"about":[{"href":"https:\/\/diarioregionaldigital.com.br\/index.php?rest_route=\/wp\/v2\/types\/post"}],"author":[{"embeddable":true,"href":"https:\/\/diarioregionaldigital.com.br\/index.php?rest_route=\/wp\/v2\/users\/96"}],"replies":[{"embeddable":true,"href":"https:\/\/diarioregionaldigital.com.br\/index.php?rest_route=%2Fwp%2Fv2%2Fcomments&post=156993"}],"version-history":[{"count":0,"href":"https:\/\/diarioregionaldigital.com.br\/index.php?rest_route=\/wp\/v2\/posts\/156993\/revisions"}],"wp:featuredmedia":[{"embeddable":true,"href":"https:\/\/diarioregionaldigital.com.br\/index.php?rest_route=\/wp\/v2\/media\/156994"}],"wp:attachment":[{"href":"https:\/\/diarioregionaldigital.com.br\/index.php?rest_route=%2Fwp%2Fv2%2Fmedia&parent=156993"}],"wp:term":[{"taxonomy":"category","embeddable":true,"href":"https:\/\/diarioregionaldigital.com.br\/index.php?rest_route=%2Fwp%2Fv2%2Fcategories&post=156993"},{"taxonomy":"post_tag","embeddable":true,"href":"https:\/\/diarioregionaldigital.com.br\/index.php?rest_route=%2Fwp%2Fv2%2Ftags&post=156993"}],"curies":[{"name":"wp","href":"https:\/\/api.w.org\/{rel}","templated":true}]}}