{"id":156990,"date":"2020-03-17T13:09:44","date_gmt":"2020-03-17T16:09:44","guid":{"rendered":"https:\/\/diarioregionaldigital.com.br\/?p=156990"},"modified":"2020-03-17T13:09:44","modified_gmt":"2020-03-17T16:09:44","slug":"coi-nega-realizacao-das-olimpiadas-com-portoes-fechados","status":"publish","type":"post","link":"https:\/\/diarioregionaldigital.com.br\/?p=156990","title":{"rendered":"COI nega realiza\u00e7\u00e3o das Olimp\u00edadas com port\u00f5es fechados"},"content":{"rendered":"<p>Apesar do alerta para a epidemia do Covid-19, o Comit\u00ea Ol\u00edmpico Internacional (COI), descarta possibilidade de realiza\u00e7\u00e3o das Olimp\u00edadas de T\u00f3quio com port\u00f5es fechados. A entidade diz que trabalha para que o evento seja realizado dentro da data prevista, entre 24 de julho e 9 de agosto.<\/p>\n<p>Quanto \u00e0 quest\u00e3o da possibilidade dos jogos n\u00e3o terem participa\u00e7\u00e3o dos torcedores, um dos membros do COI falou sobre o caso em uma entrevista para o jornal ingl\u00eas \u201cThe Guardian\u201d:<\/p>\n<p>&nbsp;<\/p>\n<p>\u201cIsso iria contra tudo que defendemos. As Olimp\u00edadas s\u00e3o mais do que apenas uma s\u00e9rie de competi\u00e7\u00f5es, \u00e9 sobre reunir todos para celebrar o esporte. Um evento com port\u00f5es fechados e sem espectadores n\u00e3o \u00e9 uma op\u00e7\u00e3o\u201d.<\/p>\n<p>&nbsp;<\/p>\n<p>Mesmo diante da epidemia, a entidade emitiu um comunicado oficial, encorajando os atletas a continuarem com a prepara\u00e7\u00e3o o m\u00e1ximo que puderem e tamb\u00e9m exalta a luta contra o Coronav\u00edrus. Leia abaixo a nota completa:<\/p>\n<p>&nbsp;<\/p>\n<p><em>\u201cEsta \u00e9 uma situa\u00e7\u00e3o sem precedentes para o mundo inteiro, e nossos pensamentos est\u00e3o com todos os afetados por esta crise. Estamos em solidariedade com toda a sociedade para fazer tudo para conter o v\u00edrus.<\/em><\/p>\n<p><em>\u00a0<\/em><\/p>\n<p><em>A situa\u00e7\u00e3o em torno do v\u00edrus COVID-19 tamb\u00e9m est\u00e1 afetando os preparativos para os Jogos Ol\u00edmpicos de T\u00f3quio 2020 e est\u00e1 mudando dia a dia.<\/em><\/p>\n<p><em>\u00a0<\/em><\/p>\n<p><em>O COI permanece totalmente comprometido com os Jogos Ol\u00edmpicos de T\u00f3quio 2020 e, com mais de quatro meses antes dos Jogos, n\u00e3o h\u00e1 necessidade de decis\u00f5es dr\u00e1sticas nesta fase; e qualquer especula\u00e7\u00e3o neste momento seria contraproducente.<\/em><\/p>\n<p><em>\u00a0<\/em><\/p>\n<p><em>O COI incentiva todos os atletas a continuarem se preparando para os Jogos Ol\u00edmpicos de T\u00f3quio 2020 da melhor maneira poss\u00edvel. Continuaremos apoiando os atletas consultando-os e seus respectivos CONs e fornecendo-lhes as informa\u00e7\u00f5es e desenvolvimentos mais recentes, acess\u00edveis aos atletas em todo o mundo no site Athlete365 e por meio de seus respectivos CONs e IFs.<\/em><\/p>\n<p><em>\u00a0<\/em><\/p>\n<p><em>O COI acredita que as muitas medidas tomadas por muitas autoridades em todo o mundo ajudar\u00e3o a conter a situa\u00e7\u00e3o do v\u00edrus COVID-19. Nesse contexto, o COI congratula-se com o apoio dos l\u00edderes do G7, expresso pelo primeiro-ministro japon\u00eas Abe Shinzo, que disse: \u201cQuero realizar as Olimp\u00edadas e Paraolimp\u00edadas perfeitamente, como prova de que a ra\u00e7a humana conquistar\u00e1 o novo coronav\u00edrus, e eu ganhou apoio dos l\u00edderes do G-7 \u201d.<\/em><\/p>\n<p><em>\u00a0<\/em><\/p>\n<p><em>Continuaremos a agir de maneira respons\u00e1vel e concordamos com os seguintes princ\u00edpios imperiosos sobre a realiza\u00e7\u00e3o dos Jogos Ol\u00edmpicos de T\u00f3quio 2020:<\/em><\/p>\n<p><em>\u00a0<\/em><\/p>\n<ol>\n<li><em> Proteger a sa\u00fade de todos os envolvidos e apoiar a conten\u00e7\u00e3o do v\u00edrus.<\/em><\/li>\n<\/ol>\n<p><em>\u00a0<\/em><\/p>\n<ol start=\"2\">\n<li><em> Proteger os interesses dos atletas e do esporte ol\u00edmpico.<\/em><\/li>\n<\/ol>\n<p><em>\u00a0<\/em><\/p>\n<p><em>O COI continuar\u00e1 monitorando a situa\u00e7\u00e3o 24\/7. J\u00e1 em meados de fevereiro, foi criada uma for\u00e7a-tarefa composta pelo COI, a Organiza\u00e7\u00e3o Mundial de Sa\u00fade (OMS), o Comit\u00ea Organizador de T\u00f3quio 2020, as autoridades japonesas e o governo metropolitano de T\u00f3quio.<\/em><\/p>\n<p><em>\u00a0<\/em><\/p>\n<p><em>O objetivo da for\u00e7a-tarefa \u00e9 garantir a\u00e7\u00f5es coordenadas de todas as partes interessadas. Tem a miss\u00e3o de manter uma avalia\u00e7\u00e3o constante da situa\u00e7\u00e3o para formar a base para o planejamento operacional em andamento e as adapta\u00e7\u00f5es necess\u00e1rias. A for\u00e7a-tarefa tamb\u00e9m monitora a implementa\u00e7\u00e3o das v\u00e1rias a\u00e7\u00f5es decididas. O COI continuar\u00e1 a seguir as orienta\u00e7\u00f5es desta for\u00e7a-tarefa. A decis\u00e3o do COI n\u00e3o ser\u00e1 determinada por interesses financeiros, porque, gra\u00e7as \u00e0s suas pol\u00edticas e seguros de gerenciamento de riscos, poder\u00e1, em qualquer caso, continuar suas opera\u00e7\u00f5es e cumprir sua miss\u00e3o de organizar os Jogos Ol\u00edmpicos.<\/em><\/p>\n<p><em>\u00a0<\/em><\/p>\n<p><em>V\u00e1rias medidas foram tomadas.<\/em><\/p>\n<p><em>\u00a0<\/em><\/p>\n<p><em>O formato de todos os eventos de teste em mar\u00e7o e abril foi alterado para permitir o teste de elementos essenciais dos Jogos; a ilumina\u00e7\u00e3o da tocha ol\u00edmpica na Gr\u00e9cia e os elementos subsequentes do revezamento da tocha no Jap\u00e3o est\u00e3o sendo adaptados; toda a cadeia de suprimentos de prepara\u00e7\u00e3o dos Jogos foi analisada; e existem planos alternativos em caso de interrup\u00e7\u00e3o antecipada.<\/em><\/p>\n<p><em>\u00a0<\/em><\/p>\n<p><em>Ao mesmo tempo, os t\u00f3picos e quest\u00f5es que foram identificados pela Comiss\u00e3o de Coordena\u00e7\u00e3o do COI para os Jogos como prioridades continuam a reter toda a aten\u00e7\u00e3o de T\u00f3quio 2020, do COI e dos participantes ol\u00edmpicos. Nesse sentido, est\u00e3o em andamento trabalhos para a prepara\u00e7\u00e3o de eventos rodovi\u00e1rios de atletismo em Sapporo; as contramedidas t\u00e9rmicas continuam a ser detalhadas e refinadas esporte a esporte; e o planejamento de transporte e movimenta\u00e7\u00e3o de multid\u00f5es continua sendo um foco de aten\u00e7\u00e3o fundamental.<\/em><\/p>\n<p><em>\u00a0<\/em><\/p>\n<p><em>Com rela\u00e7\u00e3o \u00e0s pr\u00f3ximas reuni\u00f5es, especialmente a pr\u00f3xima visita da Comiss\u00e3o de Coordena\u00e7\u00e3o e v\u00e1rias revis\u00f5es de projetos, foram feitos ajustes na agenda e na participa\u00e7\u00e3o. Embora as atividades permane\u00e7am planejadas nas mesmas datas, a participa\u00e7\u00e3o em T\u00f3quio ser\u00e1 reduzida, garantindo que os membros da Comiss\u00e3o de Coordena\u00e7\u00e3o possam participar da parte mais importante da reuni\u00e3o por teleconfer\u00eancia. O mesmo ser\u00e1 feito para as visitas subseq\u00fcentes at\u00e9 novo aviso.<\/em><\/p>\n<p><em>\u00a0<\/em><\/p>\n<p><em>O trabalho di\u00e1rio entre todas as organiza\u00e7\u00f5es continua, embora em uma base remota.<\/em><\/p>\n<p><em>\u00a0<\/em><\/p>\n<p><em>Atualmente, todos os participantes do Movimento Ol\u00edmpico e os atletas enfrentam desafios significativos em torno da garantia dos lugares de qualifica\u00e7\u00e3o final para os Jogos. Em alguns pa\u00edses, os atletas est\u00e3o at\u00e9 achando dif\u00edcil continuar com seus hor\u00e1rios regulares de treinamento. O COI \u00e9 tranquilizado pela solidariedade e flexibilidade demonstradas pelos atletas, os FIs e os NOCs, que est\u00e3o gerenciando esses desafios em v\u00e1rios esportes.<\/em><\/p>\n<p><em>\u00a0<\/em><\/p>\n<p><em>At\u00e9 o momento, 57% dos atletas j\u00e1 est\u00e3o qualificados para os Jogos. Nos 43% restantes, o COI trabalhar\u00e1 com os FIs para fazer as adapta\u00e7\u00f5es necess\u00e1rias e pr\u00e1ticas em seus respectivos sistemas de qualifica\u00e7\u00e3o para T\u00f3quio 2020, de acordo com os seguintes princ\u00edpios:<\/em><\/p>\n<p>&nbsp;<\/p>\n<ol>\n<li><em> Todos os locais de cota que j\u00e1 foram alocados at\u00e9 a data permanecem alocados aos CONs e atletas que os obtiveram.<\/em><\/li>\n<\/ol>\n<p><em>\u00a0<\/em><\/p>\n<ol start=\"2\">\n<li><em> Existe a possibilidade de usar eventos de qualifica\u00e7\u00e3o existentes e programados, sempre que estes ainda tenham acesso justo a todos os atletas e equipes\u201d.<\/em><\/li>\n<\/ol>\n<p><em>\u00a0<\/em><\/p>\n<p><em>\u00a0\u00a0\u00a0\u00a0\u00a0\u00a0\u00a0\u00a0\u00a0 <\/em><\/p>\n","protected":false},"excerpt":{"rendered":"<p>Apesar do alerta para a epidemia do Covid-19, o Comit\u00ea Ol\u00edmpico Internacional (COI), descarta possibilidade de realiza\u00e7\u00e3o das Olimp\u00edadas de T\u00f3quio com port\u00f5es fechados. A entidade diz que trabalha para que o evento seja realizado dentro da data prevista, entre 24 de julho e 9 de agosto. Quanto \u00e0 quest\u00e3o da possibilidade dos jogos n\u00e3o [&hellip;]<\/p>\n","protected":false},"author":96,"featured_media":156991,"comment_status":"closed","ping_status":"closed","sticky":false,"template":"","format":"standard","meta":{"footnotes":""},"categories":[436,257,439],"tags":[],"class_list":["post-156990","post","type-post","status-publish","format-standard","has-post-thumbnail","hentry","category-destaque-da-semana","category-esporte","category-ultima-hora"],"_links":{"self":[{"href":"https:\/\/diarioregionaldigital.com.br\/index.php?rest_route=\/wp\/v2\/posts\/156990","targetHints":{"allow":["GET"]}}],"collection":[{"href":"https:\/\/diarioregionaldigital.com.br\/index.php?rest_route=\/wp\/v2\/posts"}],"about":[{"href":"https:\/\/diarioregionaldigital.com.br\/index.php?rest_route=\/wp\/v2\/types\/post"}],"author":[{"embeddable":true,"href":"https:\/\/diarioregionaldigital.com.br\/index.php?rest_route=\/wp\/v2\/users\/96"}],"replies":[{"embeddable":true,"href":"https:\/\/diarioregionaldigital.com.br\/index.php?rest_route=%2Fwp%2Fv2%2Fcomments&post=156990"}],"version-history":[{"count":0,"href":"https:\/\/diarioregionaldigital.com.br\/index.php?rest_route=\/wp\/v2\/posts\/156990\/revisions"}],"wp:featuredmedia":[{"embeddable":true,"href":"https:\/\/diarioregionaldigital.com.br\/index.php?rest_route=\/wp\/v2\/media\/156991"}],"wp:attachment":[{"href":"https:\/\/diarioregionaldigital.com.br\/index.php?rest_route=%2Fwp%2Fv2%2Fmedia&parent=156990"}],"wp:term":[{"taxonomy":"category","embeddable":true,"href":"https:\/\/diarioregionaldigital.com.br\/index.php?rest_route=%2Fwp%2Fv2%2Fcategories&post=156990"},{"taxonomy":"post_tag","embeddable":true,"href":"https:\/\/diarioregionaldigital.com.br\/index.php?rest_route=%2Fwp%2Fv2%2Ftags&post=156990"}],"curies":[{"name":"wp","href":"https:\/\/api.w.org\/{rel}","templated":true}]}}