{"id":156987,"date":"2020-03-17T13:08:04","date_gmt":"2020-03-17T16:08:04","guid":{"rendered":"https:\/\/diarioregionaldigital.com.br\/?p=156987"},"modified":"2020-03-17T13:08:04","modified_gmt":"2020-03-17T16:08:04","slug":"eurocopa-e-copa-america-sao-adiadas-para-2021","status":"publish","type":"post","link":"https:\/\/diarioregionaldigital.com.br\/?p=156987","title":{"rendered":"Eurocopa e Copa Am\u00e9rica s\u00e3o adiadas para 2021"},"content":{"rendered":"<p>A Confedera\u00e7\u00e3o Sul-Americana de Futebol (Conmebol) e Associa\u00e7\u00e3o do Futebol Europeu (UEFA), anunciaram nesta ter\u00e7a-feira (17) o adiamento da Copa Am\u00e9rica e Eurocopa para o pr\u00f3ximo ano.<\/p>\n<p>A competi\u00e7\u00e3o sul-americana, que seria sediada na Argentina e na Col\u00f4mbia, ter\u00e1 os grupos e cidades-sedes mantidas. A \u00fanica altera\u00e7\u00e3o foi na data da realiza\u00e7\u00e3o do torneio, agora ser\u00e1 de 11 de junho a 10 de julho de 2021. Neste ano estava marcada para come\u00e7ar dia 12 de junho.<\/p>\n<p>O Brasil est\u00e1 no grupo B ao lado de Col\u00f4mbia, Equador, Peru, Venezuela e Catar, sede da Copa de 2022 e um dos convidados para o torneio.<\/p>\n<p>Quanto \u00e0 Eurocopa, que completa 60 anos de hist\u00f3ria, a data tamb\u00e9m sofreu altera\u00e7\u00e3o e a ser\u00e1 realizada no mesmo dia da abertura da Copa Am\u00e9rica. Os grupos e os confrontos da repescagem tamb\u00e9m foram mantidos. Esta edi\u00e7\u00e3o do torneio europeu ser\u00e1 realizada em 12 cidades de 12 pa\u00edses diferentes: Amsterd\u00e3 (Holanda), Bacu (Azerbaij\u00e3o), Bilbao (Espanha), Bucareste (Rom\u00eania), Budapeste (Hungria), Copenhagen (Dinamarca), Dublin (Irlanda), Glasgow (Esc\u00f3cia), Munique (Alemanha), Roma (It\u00e1lia), S\u00e3o Petersburgo (R\u00fassia) e Wembley (Inglaterra).<\/p>\n<p>O adiamento tanto da Eurocopa quanto da Copa Am\u00e9rica para o pr\u00f3ximo ano, pode mudar os planos da Fifa com rela\u00e7\u00e3o ao novo Mundial de Clubes, que seria realizado no meio de 2021, na China. A entidade m\u00e1xima do futebol tamb\u00e9m n\u00e3o se manifestou, ainda, sobre as mudan\u00e7as no calend\u00e1rio de torneios de sele\u00e7\u00f5es.<\/p>\n<p>&nbsp;<\/p>\n","protected":false},"excerpt":{"rendered":"<p>A Confedera\u00e7\u00e3o Sul-Americana de Futebol (Conmebol) e Associa\u00e7\u00e3o do Futebol Europeu (UEFA), anunciaram nesta ter\u00e7a-feira (17) o adiamento da Copa Am\u00e9rica e Eurocopa para o pr\u00f3ximo ano. A competi\u00e7\u00e3o sul-americana, que seria sediada na Argentina e na Col\u00f4mbia, ter\u00e1 os grupos e cidades-sedes mantidas. A \u00fanica altera\u00e7\u00e3o foi na data da realiza\u00e7\u00e3o do torneio, agora [&hellip;]<\/p>\n","protected":false},"author":96,"featured_media":156988,"comment_status":"closed","ping_status":"closed","sticky":false,"template":"","format":"standard","meta":{"footnotes":""},"categories":[436,257,439],"tags":[],"class_list":["post-156987","post","type-post","status-publish","format-standard","has-post-thumbnail","hentry","category-destaque-da-semana","category-esporte","category-ultima-hora"],"_links":{"self":[{"href":"https:\/\/diarioregionaldigital.com.br\/index.php?rest_route=\/wp\/v2\/posts\/156987","targetHints":{"allow":["GET"]}}],"collection":[{"href":"https:\/\/diarioregionaldigital.com.br\/index.php?rest_route=\/wp\/v2\/posts"}],"about":[{"href":"https:\/\/diarioregionaldigital.com.br\/index.php?rest_route=\/wp\/v2\/types\/post"}],"author":[{"embeddable":true,"href":"https:\/\/diarioregionaldigital.com.br\/index.php?rest_route=\/wp\/v2\/users\/96"}],"replies":[{"embeddable":true,"href":"https:\/\/diarioregionaldigital.com.br\/index.php?rest_route=%2Fwp%2Fv2%2Fcomments&post=156987"}],"version-history":[{"count":0,"href":"https:\/\/diarioregionaldigital.com.br\/index.php?rest_route=\/wp\/v2\/posts\/156987\/revisions"}],"wp:featuredmedia":[{"embeddable":true,"href":"https:\/\/diarioregionaldigital.com.br\/index.php?rest_route=\/wp\/v2\/media\/156988"}],"wp:attachment":[{"href":"https:\/\/diarioregionaldigital.com.br\/index.php?rest_route=%2Fwp%2Fv2%2Fmedia&parent=156987"}],"wp:term":[{"taxonomy":"category","embeddable":true,"href":"https:\/\/diarioregionaldigital.com.br\/index.php?rest_route=%2Fwp%2Fv2%2Fcategories&post=156987"},{"taxonomy":"post_tag","embeddable":true,"href":"https:\/\/diarioregionaldigital.com.br\/index.php?rest_route=%2Fwp%2Fv2%2Ftags&post=156987"}],"curies":[{"name":"wp","href":"https:\/\/api.w.org\/{rel}","templated":true}]}}