{"id":156984,"date":"2020-03-17T13:06:41","date_gmt":"2020-03-17T16:06:41","guid":{"rendered":"https:\/\/diarioregionaldigital.com.br\/?p=156984"},"modified":"2020-03-17T13:06:41","modified_gmt":"2020-03-17T16:06:41","slug":"fim-de-uma-era-tom-brady-nao-continuara-no-new-england-patriots","status":"publish","type":"post","link":"https:\/\/diarioregionaldigital.com.br\/?p=156984","title":{"rendered":"Fim de uma era: Tom Brady n\u00e3o continuar\u00e1 no New England Patriots"},"content":{"rendered":"<p>Ap\u00f3s 20 anos vestindo a tradicional cor azul do New England Patriots da Liga de Futebol Nacional (NFL), o astro Tom Brady anunciou nesta ter\u00e7a-feira (17) que n\u00e3o ir\u00e1 continuar no elenco para a pr\u00f3xima temporada.<\/p>\n<p>O atleta fez o an\u00fancio atrav\u00e9s de uma rede social mas ainda n\u00e3o definiu seu futuro. Tudo indica que ele pode atuar por uma outra equipe da NFL. Segundo informa\u00e7\u00f5es, dois times tentam investir no quaterback (lan\u00e7ador) de 42 anos: o Tampa Bay Buccaneers e o Los Angeles Chargers fizeram altas propostas, na casa dos US$ 30 milh\u00f5es (cerca de R$ 150 milh\u00f5es).<\/p>\n<p>Em toda sua carreira, Tom Brady conquistou 6 t\u00edtulos do Super Bowl (final da NFL) em 9 finais disputadas, al\u00e9m de ter sido eleito o jogador mais valioso (MVP) em 4 finais.<\/p>\n<p>Confira abaixo o comunicado oficial escrito pelo astro da NFL, atrav\u00e9s de sua conta do Instagram:<\/p>\n<p>&nbsp;<\/p>\n<p><em>\u201cPara todos os meus colegas de equipe, treinadores, executivos e staff, Coach Belichick, RKK e fam\u00edlia Kraft e toda a organiza\u00e7\u00e3o. Eu gostaria de agradecer pelos \u00faltimos 20 anos da minha vida e pelo comprometimento di\u00e1rio em vencer e criar uma cultura vencedora baseada em grandes valores. Sou grato por tudo que voc\u00eas me ensinaram &#8211; eu aprendi com todos. Voc\u00eas todos me permitiram maximizar meu potencial e isso \u00e9 tudo que um jogador pode esperar. Tudo que conquistamos me trouxe muita alegria e li\u00e7\u00f5es que aprendi e vou levar comigo para sempre. Eu n\u00e3o poderia ser o homem que sou hoje sem os relacionamentos que voc\u00eas permitiram construir com voc\u00eas. Eu me beneficiei de tudo que voc\u00eas me deram. Eu agarrei cada oportunidade que tive em fazer parte do nosso time e amo todos voc\u00eas por isso. Nosso time sempre foi um padr\u00e3o para o esporte profissional e eu tenho certeza que vai continuar a fazer exatamente isso. Apesar de minha jornada no futebol ir para outro lugar, eu sou grato por tudo que alcancei e por nossos incr\u00edveis feitos como time. Tive o privil\u00e9gio de ter oportunidades de conhecer cada um de voc\u00eas e ter mem\u00f3rias que criamos juntos.<\/em><\/p>\n<p><em>\u00a0<\/em><\/p>\n<p><em>Eu gostaria de agradecer todos os incr\u00edveis f\u00e3s dos Patriots. MA foi minha casa por 20 anos. Foram, de verdade, duas d\u00e9cadas das mais felizes que eu poderia imaginar para minha vida e n\u00e3o tenho nada al\u00e9m de amor e agradecimento pelo tempo em New England. Os torcedores tem sido calorosos &#8211; eu espero que todo jogador possa ter essa experi\u00eancia. Meus filhos nasceram e cresceram aqui e voc\u00eas abra\u00e7aram esse garoto da Calif\u00f3rnia como se fosse de voc\u00eas. Eu amo o comprometimento e a lealdade dos times de voc\u00eas e o que vencer significa para a cidade mais do que eu nunca vi. Eu n\u00e3o posso agradecer cada um dos torcedores. Os treinos lotados e os est\u00e1dios com ingressos esgotados e, ainda mais, a paradas pelas vit\u00f3rias. Eu fui muito aben\u00e7oado por poder dividir isso com todos voc\u00eas. Tentei representar nosso time sempre da melhor e da mais honr\u00e1vel maneira, e lutei muito com meus colegas para ajudar a trazer vit\u00f3rias e triunfos nas mais dif\u00edceis situa\u00e7\u00f5es. Voc\u00eas abriram o cora\u00e7\u00e3o para mim e eu abri meu cora\u00e7\u00e3o para voc\u00eas. A Na\u00e7\u00e3o Pats sempre vai fazer parte de mim. N\u00e3o sei o que o futuro reserva para o meu futebol, mas \u00e9 tempo de estar aberto para novos rumos na minha vida e na minha carreira. Eu agrade\u00e7o do fundo do meu cora\u00e7\u00e3o e vou sempre amar o que n\u00f3s compartilhamos, uma vida inteira de \u00f3timas mem\u00f3rias\u201d.<\/em><\/p>\n<p>&nbsp;<\/p>\n","protected":false},"excerpt":{"rendered":"<p>Ap\u00f3s 20 anos vestindo a tradicional cor azul do New England Patriots da Liga de Futebol Nacional (NFL), o astro Tom Brady anunciou nesta ter\u00e7a-feira (17) que n\u00e3o ir\u00e1 continuar no elenco para a pr\u00f3xima temporada. O atleta fez o an\u00fancio atrav\u00e9s de uma rede social mas ainda n\u00e3o definiu seu futuro. Tudo indica que [&hellip;]<\/p>\n","protected":false},"author":96,"featured_media":156985,"comment_status":"closed","ping_status":"closed","sticky":false,"template":"","format":"standard","meta":{"footnotes":""},"categories":[436,257,439],"tags":[],"class_list":["post-156984","post","type-post","status-publish","format-standard","has-post-thumbnail","hentry","category-destaque-da-semana","category-esporte","category-ultima-hora"],"_links":{"self":[{"href":"https:\/\/diarioregionaldigital.com.br\/index.php?rest_route=\/wp\/v2\/posts\/156984","targetHints":{"allow":["GET"]}}],"collection":[{"href":"https:\/\/diarioregionaldigital.com.br\/index.php?rest_route=\/wp\/v2\/posts"}],"about":[{"href":"https:\/\/diarioregionaldigital.com.br\/index.php?rest_route=\/wp\/v2\/types\/post"}],"author":[{"embeddable":true,"href":"https:\/\/diarioregionaldigital.com.br\/index.php?rest_route=\/wp\/v2\/users\/96"}],"replies":[{"embeddable":true,"href":"https:\/\/diarioregionaldigital.com.br\/index.php?rest_route=%2Fwp%2Fv2%2Fcomments&post=156984"}],"version-history":[{"count":0,"href":"https:\/\/diarioregionaldigital.com.br\/index.php?rest_route=\/wp\/v2\/posts\/156984\/revisions"}],"wp:featuredmedia":[{"embeddable":true,"href":"https:\/\/diarioregionaldigital.com.br\/index.php?rest_route=\/wp\/v2\/media\/156985"}],"wp:attachment":[{"href":"https:\/\/diarioregionaldigital.com.br\/index.php?rest_route=%2Fwp%2Fv2%2Fmedia&parent=156984"}],"wp:term":[{"taxonomy":"category","embeddable":true,"href":"https:\/\/diarioregionaldigital.com.br\/index.php?rest_route=%2Fwp%2Fv2%2Fcategories&post=156984"},{"taxonomy":"post_tag","embeddable":true,"href":"https:\/\/diarioregionaldigital.com.br\/index.php?rest_route=%2Fwp%2Fv2%2Ftags&post=156984"}],"curies":[{"name":"wp","href":"https:\/\/api.w.org\/{rel}","templated":true}]}}