{"id":156981,"date":"2020-03-17T13:05:33","date_gmt":"2020-03-17T16:05:33","guid":{"rendered":"https:\/\/diarioregionaldigital.com.br\/?p=156981"},"modified":"2020-03-17T13:05:33","modified_gmt":"2020-03-17T16:05:33","slug":"cego-de-um-olho-ninja-icaro-miguel-voa-para-toquio-2020-minha-deficiencia-me-deixou-mais-forte","status":"publish","type":"post","link":"https:\/\/diarioregionaldigital.com.br\/?p=156981","title":{"rendered":"Cego de um olho, \u201cninja\u201d Icaro Miguel voa para T\u00f3quio 2020: \u201cMinha defici\u00eancia me deixou mais forte\u201d"},"content":{"rendered":"<p>\u201cSonhei, amor, e vou lutar para o meu sonho ser real\u201d. O trecho do samba-enredo de 2004 da Unidos da Tijuca, do Rio de Janeiro, serve para ilustrar parte da hist\u00f3ria de Icaro Miguel, atleta do taekwondo que queria ser ninja, mas, devido a um acidente dom\u00e9stico, ficou cego de um olho ainda antes de come\u00e7ar a praticar a modalidade. Mesmo com a defici\u00eancia, ele buscou na \u00faltima quinta-feira, (12), a t\u00e3o sonhada vaga nos Jogos Ol\u00edmpicos T\u00f3quio 2020. Mas, assim como o personagem da mitologia grega de mesmo nome, Icaro quer voos mais altos do outro lado do mundo.<\/p>\n<p>&nbsp;<\/p>\n<p>\u201cFalo que vou ser campe\u00e3o ol\u00edmpico desde os dez anos de idade. Desde antes de tudo se tornar assim t\u00e3o palp\u00e1vel, t\u00e3o real quanto \u00e9 hoje, j\u00e1 falava que era isso que eu queria para minha vida. Sem d\u00favida, T\u00f3quio vai ser um sonho, Jap\u00e3o \u00e9 um pa\u00eds incr\u00edvel. Tenho certeza que o show que eles t\u00e3o preparando para n\u00f3s vai ser algo inacredit\u00e1vel. A medalha \u00e9 uma quest\u00e3o de tempo\u201d.<\/p>\n<p>&nbsp;<\/p>\n<p>Aos seis, Icaro e a fam\u00edlia tinham passado uma tarde de domingo em um s\u00edtio, no qual o menino aproveitou para ficar o tempo todo na piscina. Ao chegar em casa e ver os olhos vermelhos do filho, devido ao cloro da piscina, a m\u00e3e resolveu colocar \u00e1gua boricada para aliviar a irrita\u00e7\u00e3o nos olhos do filho. Mas confundiu os frascos e acabou pingando am\u00f4nia no olho direito de Icaro, que chegou a recuperar um pouco da vis\u00e3o, mas a perdeu totalmente ao longo do tempo. O atleta conviveu anos com a defici\u00eancia at\u00e9 que chegou a hora de decidir: passar por um transplante de c\u00f3rnea para tentar voltar a enxergar ou seguir o sonho no esporte.<\/p>\n<p>&nbsp;<\/p>\n<p>\u201cFoi uma decis\u00e3o dif\u00edcil, mas sempre soube a resposta, independentemente do que acontecesse. Hoje estou a\u00ed, n\u00famero 2 do ranking mundial, n\u00famero 4 do ranking ol\u00edmpico. Costumo dizer que esse problema de vis\u00e3o n\u00e3o influencia em nada. Talvez at\u00e9 me torne mais forte, j\u00e1 que abri m\u00e3o de um poss\u00edvel transplante, de recuperar a minha vis\u00e3o. Isso me d\u00e1 mais for\u00e7a para treinar. Naqueles dias mais dif\u00edceis, penso: \u2018p\u00f4, cara, voc\u00ea abriu m\u00e3o de ter sua vis\u00e3o de volta. Ent\u00e3o, vamos, continua!\u2019 Brinco que a minha defici\u00eancia me deixou mais forte\u201d.<\/p>\n<p>&nbsp;<\/p>\n<p>Classificado para os Jogos Ol\u00edmpicos T\u00f3quio 2020 na categoria at\u00e9 80kg e vice-campe\u00e3o mundial, Icaro fugiu do labirinto usando uma f\u00f3rmula bem simples: n\u00e3o pensar na defici\u00eancia como um impeditivo.<\/p>\n<p>&nbsp;<\/p>\n<p>\u201cEm vez de pensar que n\u00e3o consigo defender porque sou cego de um olho, eu pensava: \u2018n\u00e3o consigo defender porque estou errando\u2019. Ent\u00e3o, ia l\u00e1 e treinava mais aquele lado. Teve uma \u00e9poca que minha namorada me ajudava porque perdi muito a no\u00e7\u00e3o de profundidade. Eu, maluco, tampava o olho esquerdo, que \u00e9 o olho bom, e ficava chutando s\u00f3 com o olho direito aberto. N\u00e3o sabia se fazia sentido ou n\u00e3o, mas era o que fazia\u201d.<\/p>\n<p>&nbsp;<\/p>\n<p>\u201cFazia o treino da manh\u00e3, o da tarde e, no final do dia, complementava com aquele treino. Coisa de shaolin (estilo do kung fu criado por Bodhidharma, patriarca do budismo). N\u00e3o via minha defici\u00eancia como algo f\u00edsico, olhava realmente como algo t\u00e9cnico. Estou errando meu tempo aqui? Vou treinar mais que meu tempo vai melhorar. \u2018Ah, estou errando a parte do lado direito, o bra\u00e7o est\u00e1 muito aberto?\u2019 Vou come\u00e7ar a defender mais at\u00e9 encontrar o caminho. E acho que meu comando cerebral foi achando sozinho de tanto que fui praticando\u201d.<\/p>\n<p>&nbsp;<\/p>\n<p>E a pr\u00e1tica excessiva o ajudou na realiza\u00e7\u00e3o do sonho de estar nos Jogos Ol\u00edmpicos, que come\u00e7ou justamente com outro grande desejo. Amante dos filmes de artes marciais, Icaro, natural de Belo Horizonte e criado em Betim, regi\u00e3o metropolitana de BH, queria ser ninja e insistiu, mesmo depois do acidente, que os pais o colassem para praticar alguma modalidade. O taekwondo, velho conhecido da fam\u00edlia, foi o escolhido. E l\u00e1 \u00cdcaro ganhou um segundo pai.<\/p>\n<p>&nbsp;<\/p>\n<p>\u201cComecei no taekwondo com 8 para 9 anos de idade. Queria virar ninja, ser faixa preta. Ent\u00e3o, pedi ao meu pai para praticar uma arte marcial e, por ele j\u00e1 ter feito taekwondo quando era jovem, acabou me indicando. E comecei com o mesmo professor que havia treinado ele: o mestre Martins Abel de Paiva. Foi com ele que me formei faixa preta, tenho contato com ele at\u00e9 hoje. Sou supergrato ao mestre Martins, que me ensinou a ter car\u00e1ter. Posso dizer que ele \u00e9 meu segundo pai\u201d.<\/p>\n<p>&nbsp;<\/p>\n<p>Hoje, Icaro conta com mais dois \u201canjos da guarda\u201d: os t\u00e9cnicos Clayton e Reginaldo Santos, da sele\u00e7\u00e3o e da equipe Two Brothers Team\/S\u00e3o Caetano.<\/p>\n<p>&nbsp;<\/p>\n<p>\u201cCostumo dizer que Clayton e Reginaldo s\u00e3o um s\u00f3. Trabalhar com os dois, mas n\u00e3o com um s\u00f3 aqui na sele\u00e7\u00e3o, \u00e9 algo que me coloca muito mais perto da medalha ol\u00edmpica. Estava na semana passada conversando com um deles e disse: \u2018cara, a nossa chance de ganhar medalha com a gente junto na sele\u00e7\u00e3o \u00e9, digamos, de 70%.\u00a0 Se separar, cai para 30%. O papel deles aqui \u00e9 fundamental\u201d.<\/p>\n<p>&nbsp;<\/p>\n<p><strong>Fonte:\u00a0<\/strong>COB<\/p>\n","protected":false},"excerpt":{"rendered":"<p>\u201cSonhei, amor, e vou lutar para o meu sonho ser real\u201d. O trecho do samba-enredo de 2004 da Unidos da Tijuca, do Rio de Janeiro, serve para ilustrar parte da hist\u00f3ria de Icaro Miguel, atleta do taekwondo que queria ser ninja, mas, devido a um acidente dom\u00e9stico, ficou cego de um olho ainda antes de [&hellip;]<\/p>\n","protected":false},"author":96,"featured_media":156982,"comment_status":"closed","ping_status":"closed","sticky":false,"template":"","format":"standard","meta":{"footnotes":""},"categories":[436,257,439],"tags":[],"class_list":["post-156981","post","type-post","status-publish","format-standard","has-post-thumbnail","hentry","category-destaque-da-semana","category-esporte","category-ultima-hora"],"_links":{"self":[{"href":"https:\/\/diarioregionaldigital.com.br\/index.php?rest_route=\/wp\/v2\/posts\/156981","targetHints":{"allow":["GET"]}}],"collection":[{"href":"https:\/\/diarioregionaldigital.com.br\/index.php?rest_route=\/wp\/v2\/posts"}],"about":[{"href":"https:\/\/diarioregionaldigital.com.br\/index.php?rest_route=\/wp\/v2\/types\/post"}],"author":[{"embeddable":true,"href":"https:\/\/diarioregionaldigital.com.br\/index.php?rest_route=\/wp\/v2\/users\/96"}],"replies":[{"embeddable":true,"href":"https:\/\/diarioregionaldigital.com.br\/index.php?rest_route=%2Fwp%2Fv2%2Fcomments&post=156981"}],"version-history":[{"count":0,"href":"https:\/\/diarioregionaldigital.com.br\/index.php?rest_route=\/wp\/v2\/posts\/156981\/revisions"}],"wp:featuredmedia":[{"embeddable":true,"href":"https:\/\/diarioregionaldigital.com.br\/index.php?rest_route=\/wp\/v2\/media\/156982"}],"wp:attachment":[{"href":"https:\/\/diarioregionaldigital.com.br\/index.php?rest_route=%2Fwp%2Fv2%2Fmedia&parent=156981"}],"wp:term":[{"taxonomy":"category","embeddable":true,"href":"https:\/\/diarioregionaldigital.com.br\/index.php?rest_route=%2Fwp%2Fv2%2Fcategories&post=156981"},{"taxonomy":"post_tag","embeddable":true,"href":"https:\/\/diarioregionaldigital.com.br\/index.php?rest_route=%2Fwp%2Fv2%2Ftags&post=156981"}],"curies":[{"name":"wp","href":"https:\/\/api.w.org\/{rel}","templated":true}]}}