{"id":156978,"date":"2020-03-17T14:30:10","date_gmt":"2020-03-17T17:30:10","guid":{"rendered":"https:\/\/diarioregionaldigital.com.br\/?p=156978"},"modified":"2020-03-17T13:03:54","modified_gmt":"2020-03-17T16:03:54","slug":"governo-de-minas-adota-trabalho-remoto-para-conter-propagacao-do-novo-coronavirus","status":"publish","type":"post","link":"https:\/\/diarioregionaldigital.com.br\/?p=156978","title":{"rendered":"Governo de Minas adota trabalho remoto para conter propaga\u00e7\u00e3o do novo coronav\u00edrus"},"content":{"rendered":"<p>O Governo de Minas Gerais anunciou, nessa segunda-feira (16), mais medidas para conter a propaga\u00e7\u00e3o do novo coronav\u00edrus no estado. Entre as a\u00e7\u00f5es adotadas pelo Comit\u00ea Gestor do Plano de Preven\u00e7\u00e3o e Contingenciamento em Sa\u00fade do COVID-19 est\u00e1 o encaminhamento de servidores p\u00fablicos para o teletrabalho, em caso de atividades que possam ser feitas a dist\u00e2ncia. A medida passar\u00e1 a valer imediatamente para funcion\u00e1rios com mais de 60 anos, pessoas com doen\u00e7as cr\u00f4nicas ou gestantes\/lactantes e se estender\u00e1 aos demais profissionais nas pr\u00f3ximas semanas.<\/p>\n<p>O vereador Mateus Sim\u00f5es, que deve assumir a Secretaria-Geral do Governo, leu uma nota em nome do governador Romeu Zema com essa e outras a\u00e7\u00f5es imediatas a serem adotadas no Estado. O chefe do Executivo se ausentou do encontro por medida de seguran\u00e7a, uma vez que teve contato nos \u00faltimos dias com uma pessoa que testou positivo para o coronav\u00edrus. O governador far\u00e1 o exame o quanto antes e ficar\u00e1 em isolamento volunt\u00e1rio, trabalhando de casa, at\u00e9 que saia o resultado.<\/p>\n<p>\u201cFoi expedida delibera\u00e7\u00e3o que cria a possibilidade do teletrabalho. Essa medida n\u00e3o afetar\u00e1 a presta\u00e7\u00e3o de servi\u00e7os essenciais \u00e0 popula\u00e7\u00e3o. Al\u00e9m disso, os servidores com mais de 60 anos e com doen\u00e7as cr\u00f4nicas ter\u00e3o a possibilidade de se preservarem, tamb\u00e9m trabalhando de casa\u201d, disse por meio de nota.<\/p>\n<p>Zema tamb\u00e9m anunciou a suspens\u00e3o das atividades dos equipamentos culturais do Estado. Sendo assim, os museus, a Biblioteca P\u00fablica, o Arquivo Mineiro, dentre outros, ficar\u00e3o fechados. Haver\u00e1 tamb\u00e9m a suspens\u00e3o dos espet\u00e1culos no Pal\u00e1cio das Artes e na Filarm\u00f4nica.<\/p>\n<p>&nbsp;<\/p>\n<p>\u201cO Estado est\u00e1 preparado para agir. Neste momento, nossa atua\u00e7\u00e3o \u00e9 r\u00e1pida, de forma a tentar conter o avan\u00e7o do coronav\u00edrus em Minas Gerais. Temos uma situa\u00e7\u00e3o diferente de outros estados. N\u00e3o s\u00e3o muitos os casos confirmados aqui e n\u00e3o h\u00e1, at\u00e9 o momento, transmiss\u00e3o comunit\u00e1ria\u201d, enfatizou.<\/p>\n<p>A secret\u00e1ria adjunta de Planejamento e Gest\u00e3o, Luisa Barreto, afirmou que o in\u00edcio do teletrabalho ser\u00e1 imediato para os grupos de risco. Luisa ainda esclareceu que os trabalhos ser\u00e3o acompanhados pelas chefias imediatas e que os servidores n\u00e3o ter\u00e3o descontos em seus vencimentos.<\/p>\n<p>\u201cO teletrabalho ter\u00e1 in\u00edcio imediato para aquelas pessoas que se enquadram nos grupos de risco, j\u00e1 iniciado nesta ter\u00e7a-feira (17). Nossa grande preocupa\u00e7\u00e3o agora \u00e9 garantir que todas as medidas operacionais necess\u00e1rias para que estes servidores possam realizar os trabalhos de casa e que isso ocorra de forma tranquila para que n\u00e3o haja preju\u00edzo na presta\u00e7\u00e3o de servi\u00e7os\u201d, afirmou.<\/p>\n<p>&nbsp;<\/p>\n<p><strong>Sa\u00fade<\/strong><\/p>\n<p>O secret\u00e1rio de Estado de Sa\u00fade, Carlos Eduardo Amaral, apresentou os n\u00fameros atualizados sobre a dissemina\u00e7\u00e3o da doen\u00e7a no estado.<\/p>\n<p>\u201cA situa\u00e7\u00e3o epidemiol\u00f3gica \u00e9 a seguinte: n\u00f3s temos 511 notifica\u00e7\u00f5es do coronav\u00edrus. Deste total, 85 foram descartados, e 420 est\u00e3o sob investiga\u00e7\u00e3o. Atualmente, s\u00e3o seis casos confirmados. Um caso em Ipatinga e Divin\u00f3polis, dois em Juiz de Fora, um em Belo Horizonte e outro em Patroc\u00ednio\u201d, esclareceu.<\/p>\n<p>Ele tamb\u00e9m ressaltou que as novas medidas adotadas est\u00e3o dentro do plano de conting\u00eancia e incluem a estrutura\u00e7\u00e3o da rede de Sa\u00fade, organiza\u00e7\u00e3o dos leitos de CTI e a gest\u00e3o para que os leitos estejam livres quando houver a necessidade. \u201cQueremos que estejam habilitados para que a gente possa us\u00e1-los na medida em que surjam casos graves. Tamb\u00e9m faremos a requisi\u00e7\u00e3o e aquisi\u00e7\u00e3o de equipamentos de prote\u00e7\u00e3o individual para fornecermos \u00e0 rede prestadora\u201d, explicou.<\/p>\n<p>&nbsp;<\/p>\n<p><strong>Educa\u00e7\u00e3o<\/strong><\/p>\n<p>&nbsp;<\/p>\n<p>No \u00faltimo domingo, o Executivo decidiu implementar recesso escolar a partir desta quarta-feira (18) em todas as escolas da rede estadual. A princ\u00edpio, a medida vale at\u00e9 o dia 22 de mar\u00e7o.<\/p>\n<p>O secret\u00e1rio adjunto de Educa\u00e7\u00e3o, Edelves Luna, chamou aten\u00e7\u00e3o para o tamanho da rede p\u00fablica estadual de ensino, composta por 47 superintend\u00eancias regionais, mais de 3,6 mil escolas, pouco mais de 1,7 milh\u00e3o de estudantes.<\/p>\n<p>&nbsp;<\/p>\n<p>\u201cEm fun\u00e7\u00e3o do zelo e do cuidado com todos esses estudantes e da capilaridade que a Educa\u00e7\u00e3o tem em todo o estado, n\u00f3s optamos por fazer a parada de cinco dias para que possamos reorganizar a rede, ouvir, orientar e dialogar. \u00c9 nessa perspectiva que essa parada se d\u00e1, para acompanharmos a identifica\u00e7\u00e3o de casos em todo o estado, e pensarmos quais ser\u00e3o as melhores medidas a serem tomadas a partir da segunda-feira, dia 23\u201d, explicou.<\/p>\n<p>&nbsp;<\/p>\n<p><strong>Leia, na \u00edntegra, a carta escrita pelo governador Romeu Zema:<\/strong><\/p>\n<p><strong><em>&#8220;<\/em><\/strong><em>Agrade\u00e7o a presen\u00e7a de todos voc\u00eas. \u00c9 muito importante para o Estado estar unido em torno de medidas que ajudem a reduzir a transmiss\u00e3o do coronav\u00edrus. Agrade\u00e7o o comparecimento da imprensa, sempre a postos no intuito de informar a sociedade mineira. <\/em><\/p>\n<p><em>Fa\u00e7o, inicialmente, um esclarecimento. Estava prevista a minha presen\u00e7a nesta entrevista coletiva de hoje. Por\u00e9m, fui informado agora h\u00e1 pouco de que uma pessoa com quem tive contato nos \u00faltimos dias testou positivo para o coronav\u00edrus. Farei o exame o quanto antes. Enquanto n\u00e3o tiver o resultado, ficarei em isolamento volunt\u00e1rio. A partir desse momento, cumprirei, de casa, com meus compromissos na administra\u00e7\u00e3o da nossa Minas Gerais. <\/em><\/p>\n<p><em>Aproveito a oportunidade para anunciar medidas para os servidores do Estado. Foi expedida delibera\u00e7\u00e3o que cria a possibilidade do teletrabalho, que ser\u00e1 esclarecido pelos secret\u00e1rios aqui presentes. Essa medida n\u00e3o afetar\u00e1 a presta\u00e7\u00e3o de servi\u00e7os essenciais \u00e0 popula\u00e7\u00e3o. Al\u00e9m disso, os servidores com mais de 60 anos e com doen\u00e7as cr\u00f4nicas ter\u00e3o a possibilidade de se preservarem, tamb\u00e9m trabalhando de casa. <\/em><\/p>\n<p><em>Ainda definimos hoje suspender as atividades nos equipamentos culturais do Estado. Sendo assim, os museus, a Biblioteca P\u00fablica, o Arquivo Mineiro, dentre outros, estar\u00e3o fechados. Haver\u00e1 a suspens\u00e3o tamb\u00e9m dos espet\u00e1culos no Pal\u00e1cio das Artes e da Filarm\u00f4nica.<\/em><\/p>\n<p><em>O Estado est\u00e1 preparado para agir. Nesse momento, nossa atua\u00e7\u00e3o \u00e9 r\u00e1pida, de forma a tentar conter o avan\u00e7o do coronav\u00edrus. Em Minas Gerais, temos uma situa\u00e7\u00e3o diferente da de outros Estados. N\u00e3o s\u00e3o muitos os casos confirmados aqui e n\u00e3o h\u00e1, at\u00e9 o momento, transmiss\u00e3o comunit\u00e1ria. <\/em><\/p>\n<p><em>Temos envidado todos os esfor\u00e7os para conter a dissemina\u00e7\u00e3o da doen\u00e7a. Ontem, decidimos por paralisar por cinco dias as aulas na rede estadual para que possamos nos reorganizar. A rede possui mais de 3 mil escolas. Ent\u00e3o, \u00e9 necess\u00e1rio ouvir e orientar professores, diretores e superintendentes, para que as medidas sanit\u00e1rias sejam revistas e estudadas poss\u00edveis altera\u00e7\u00f5es, como os hor\u00e1rios do lanche e da entrada e sa\u00edda dos alunos. \u00c9 uma medida preventiva. Justamente por isso, vale a partir da pr\u00f3xima quarta-feira. Nesse per\u00edodo, os pais poder\u00e3o se organizar. <\/em><\/p>\n<p><em>Gostaria de ressaltar que diversas a\u00e7\u00f5es j\u00e1 entraram em vigor, como a cria\u00e7\u00e3o do Comit\u00ea Gestor do Coronav\u00edrus, que vai ampliar nossa atua\u00e7\u00e3o e dar respostas r\u00e1pidas \u00e0 sociedade. <\/em><\/p>\n<p><em>Temos um desafio enorme pela frente. Por\u00e9m, temos responsabilidade e estamos unidos no enfrentamento do problema. Preciso do apoio de todos voc\u00eas, mineiros e mineiras, para que possamos atravessar essa crise mundial de sa\u00fade p\u00fablica. <\/em><\/p>\n<p><em>Temos que estar conscientes dos riscos que a doen\u00e7a traz e exagerar nos cuidados. <\/em><\/p>\n<p><em>Estamos unidos com um \u00fanico objetivo: cuidar do povo mineiro. <\/em><\/p>\n<p><em>Muito obrigado!<\/em><\/p>\n<p><em>Romeu Zema<\/em><\/p>\n<p>&nbsp;<\/p>\n<p><strong>Fonte:\u00a0<\/strong>Ag\u00eancia Minas<\/p>\n","protected":false},"excerpt":{"rendered":"<p>O Governo de Minas Gerais anunciou, nessa segunda-feira (16), mais medidas para conter a propaga\u00e7\u00e3o do novo coronav\u00edrus no estado. Entre as a\u00e7\u00f5es adotadas pelo Comit\u00ea Gestor do Plano de Preven\u00e7\u00e3o e Contingenciamento em Sa\u00fade do COVID-19 est\u00e1 o encaminhamento de servidores p\u00fablicos para o teletrabalho, em caso de atividades que possam ser feitas a [&hellip;]<\/p>\n","protected":false},"author":96,"featured_media":156979,"comment_status":"closed","ping_status":"closed","sticky":false,"template":"","format":"standard","meta":{"footnotes":""},"categories":[436,440,252,439],"tags":[],"class_list":["post-156978","post","type-post","status-publish","format-standard","has-post-thumbnail","hentry","category-destaque-da-semana","category-destaques-do-dia","category-regiao","category-ultima-hora"],"_links":{"self":[{"href":"https:\/\/diarioregionaldigital.com.br\/index.php?rest_route=\/wp\/v2\/posts\/156978","targetHints":{"allow":["GET"]}}],"collection":[{"href":"https:\/\/diarioregionaldigital.com.br\/index.php?rest_route=\/wp\/v2\/posts"}],"about":[{"href":"https:\/\/diarioregionaldigital.com.br\/index.php?rest_route=\/wp\/v2\/types\/post"}],"author":[{"embeddable":true,"href":"https:\/\/diarioregionaldigital.com.br\/index.php?rest_route=\/wp\/v2\/users\/96"}],"replies":[{"embeddable":true,"href":"https:\/\/diarioregionaldigital.com.br\/index.php?rest_route=%2Fwp%2Fv2%2Fcomments&post=156978"}],"version-history":[{"count":0,"href":"https:\/\/diarioregionaldigital.com.br\/index.php?rest_route=\/wp\/v2\/posts\/156978\/revisions"}],"wp:featuredmedia":[{"embeddable":true,"href":"https:\/\/diarioregionaldigital.com.br\/index.php?rest_route=\/wp\/v2\/media\/156979"}],"wp:attachment":[{"href":"https:\/\/diarioregionaldigital.com.br\/index.php?rest_route=%2Fwp%2Fv2%2Fmedia&parent=156978"}],"wp:term":[{"taxonomy":"category","embeddable":true,"href":"https:\/\/diarioregionaldigital.com.br\/index.php?rest_route=%2Fwp%2Fv2%2Fcategories&post=156978"},{"taxonomy":"post_tag","embeddable":true,"href":"https:\/\/diarioregionaldigital.com.br\/index.php?rest_route=%2Fwp%2Fv2%2Ftags&post=156978"}],"curies":[{"name":"wp","href":"https:\/\/api.w.org\/{rel}","templated":true}]}}