{"id":156975,"date":"2020-03-17T14:00:19","date_gmt":"2020-03-17T17:00:19","guid":{"rendered":"https:\/\/diarioregionaldigital.com.br\/?p=156975"},"modified":"2020-03-17T13:02:02","modified_gmt":"2020-03-17T16:02:02","slug":"congresso-cancela-sessao-que-votaria-vetos-e-orcamento-impositivo","status":"publish","type":"post","link":"https:\/\/diarioregionaldigital.com.br\/?p=156975","title":{"rendered":"Congresso cancela sess\u00e3o que votaria vetos e Or\u00e7amento Impositivo"},"content":{"rendered":"<p>A sess\u00e3o do Congresso Nacional destinada a analisar vetos presidenciais e votar os projetos de lei do Congresso Nacional que regulamentam o Or\u00e7amento Impositivo foi cancelada. A medida se deu em fun\u00e7\u00e3o da aus\u00eancia de parlamentares e da preocupa\u00e7\u00e3o com a possibilidade de propaga\u00e7\u00e3o do novo coronav\u00edrus (Covid-19) na Casa. O senador Nelsinho Trad (PSD-MS) e o deputado Cezinha da Madureira (PSD-SP) j\u00e1 foram testados positivo para o v\u00edrus. Com o cancelamento, uma nova sess\u00e3o foi convocada para o dia 26 de mar\u00e7o.<\/p>\n<p>Entre os vetos que seriam analisados pelos congressistas est\u00e3o sete itens do Projeto de Lei do pacote anticrime (PL.6.341\/2019). Entre os pontos vetados est\u00e1 o acordo de n\u00e3o persecu\u00e7\u00e3o penal, no qual o governo pode fechar acordo com indiciados e desistir de processar a pessoa por crimes contra o patrim\u00f4nio p\u00fablico previstos na Lei de Improbidade Administrativa.<\/p>\n<p>Tamb\u00e9m consta da pauta o veto total ao Projeto de Lei 5.815\/2019 que prorroga os incentivos do setor audiovisual, estendendo at\u00e9 2024 o prazo para a utiliza\u00e7\u00e3o de recursos no \u00e2mbito do Recine, um regime especial de tributa\u00e7\u00e3o para essa finalidade.<\/p>\n<p>Al\u00e9m dos vetos, tamb\u00e9m constava ordem do dia do Congresso a vota\u00e7\u00e3o de tr\u00eas projetos de lei do Congresso Nacional (PLN) sobre o Or\u00e7amento impositivo, que regulamentam a execu\u00e7\u00e3o de emendas impositivas e diminuem o valor total das emendas do relator-geral do Or\u00e7amento, transformando-as em despesas a cargo do Poder Executivo.<\/p>\n<p>&nbsp;<\/p>\n<p><strong>Fonte:\u00a0<\/strong>Ag\u00eancia Brasil<\/p>\n","protected":false},"excerpt":{"rendered":"<p>A sess\u00e3o do Congresso Nacional destinada a analisar vetos presidenciais e votar os projetos de lei do Congresso Nacional que regulamentam o Or\u00e7amento Impositivo foi cancelada. A medida se deu em fun\u00e7\u00e3o da aus\u00eancia de parlamentares e da preocupa\u00e7\u00e3o com a possibilidade de propaga\u00e7\u00e3o do novo coronav\u00edrus (Covid-19) na Casa. O senador Nelsinho Trad (PSD-MS) [&hellip;]<\/p>\n","protected":false},"author":96,"featured_media":156976,"comment_status":"closed","ping_status":"closed","sticky":false,"template":"","format":"standard","meta":{"footnotes":""},"categories":[436,254,439],"tags":[],"class_list":["post-156975","post","type-post","status-publish","format-standard","has-post-thumbnail","hentry","category-destaque-da-semana","category-politica","category-ultima-hora"],"_links":{"self":[{"href":"https:\/\/diarioregionaldigital.com.br\/index.php?rest_route=\/wp\/v2\/posts\/156975","targetHints":{"allow":["GET"]}}],"collection":[{"href":"https:\/\/diarioregionaldigital.com.br\/index.php?rest_route=\/wp\/v2\/posts"}],"about":[{"href":"https:\/\/diarioregionaldigital.com.br\/index.php?rest_route=\/wp\/v2\/types\/post"}],"author":[{"embeddable":true,"href":"https:\/\/diarioregionaldigital.com.br\/index.php?rest_route=\/wp\/v2\/users\/96"}],"replies":[{"embeddable":true,"href":"https:\/\/diarioregionaldigital.com.br\/index.php?rest_route=%2Fwp%2Fv2%2Fcomments&post=156975"}],"version-history":[{"count":0,"href":"https:\/\/diarioregionaldigital.com.br\/index.php?rest_route=\/wp\/v2\/posts\/156975\/revisions"}],"wp:featuredmedia":[{"embeddable":true,"href":"https:\/\/diarioregionaldigital.com.br\/index.php?rest_route=\/wp\/v2\/media\/156976"}],"wp:attachment":[{"href":"https:\/\/diarioregionaldigital.com.br\/index.php?rest_route=%2Fwp%2Fv2%2Fmedia&parent=156975"}],"wp:term":[{"taxonomy":"category","embeddable":true,"href":"https:\/\/diarioregionaldigital.com.br\/index.php?rest_route=%2Fwp%2Fv2%2Fcategories&post=156975"},{"taxonomy":"post_tag","embeddable":true,"href":"https:\/\/diarioregionaldigital.com.br\/index.php?rest_route=%2Fwp%2Fv2%2Ftags&post=156975"}],"curies":[{"name":"wp","href":"https:\/\/api.w.org\/{rel}","templated":true}]}}