{"id":156972,"date":"2020-03-17T13:30:07","date_gmt":"2020-03-17T16:30:07","guid":{"rendered":"https:\/\/diarioregionaldigital.com.br\/?p=156972"},"modified":"2020-03-17T13:00:11","modified_gmt":"2020-03-17T16:00:11","slug":"ifi-alerta-para-efeitos-da-crise-global-sobre-a-economia-brasileira","status":"publish","type":"post","link":"https:\/\/diarioregionaldigital.com.br\/?p=156972","title":{"rendered":"IFI alerta para efeitos da crise global sobre a economia brasileira"},"content":{"rendered":"<p>A pandemia do novo coronav\u00edrus, a flutua\u00e7\u00e3o do pre\u00e7o do petr\u00f3leo e a revis\u00e3o das regras do Benef\u00edcio de Presta\u00e7\u00e3o Continuada (BPC) est\u00e3o entre os fatores de crise que dever\u00e3o interromper a trajet\u00f3ria de recupera\u00e7\u00e3o da economia do pa\u00eds, segundo o mais recente Relat\u00f3rio de Acompanhamento Fiscal (RAF-Mar\/2020) da Institui\u00e7\u00e3o Fiscal Independente (IFI). De acordo com o relat\u00f3rio, tornou-se mais dif\u00edcil atingir um crescimento do produto interno bruto (PIB) acima de 2% em 2020.<\/p>\n<p>A acelera\u00e7\u00e3o da dissemina\u00e7\u00e3o do novo coronav\u00edrus, combinada com as disputas geopol\u00edticas sobre fornecimento de petr\u00f3leo, levou os agentes econ\u00f4micos a revisar para baixo as proje\u00e7\u00f5es de crescimento econ\u00f4mico no mundo. Os analistas da IFI preveem que a situa\u00e7\u00e3o interromper\u00e1 o ciclo de recupera\u00e7\u00e3o da atividade econ\u00f4mica no Brasil.<\/p>\n<p>\u201cNesse contexto, elemento adicional que preocupa \u00e9 a elevada taxa de desemprego no Brasil, que tem ca\u00eddo lentamente nos \u00faltimos tr\u00eas anos e pode voltar a subir a depender da extens\u00e3o e dura\u00e7\u00e3o dos impactos dos choques\u201d, alerta a IFI no relat\u00f3rio.<\/p>\n<p><strong>Coronav\u00edrus e petr\u00f3leo<\/strong><\/p>\n<p>Como fator de choque econ\u00f4mico, segundo a institui\u00e7\u00e3o, a expans\u00e3o do coronav\u00edrus dever\u00e1 causar redu\u00e7\u00e3o global na oferta de trabalho, desarticula\u00e7\u00e3o de cadeias de produ\u00e7\u00e3o, retra\u00e7\u00e3o em investimentos e agravamento maior das condi\u00e7\u00f5es financeiras das pequenas e m\u00e9dias empresas. O Brasil poder\u00e1 ser prejudicado de modo especial pela redu\u00e7\u00e3o das exporta\u00e7\u00f5es de commodities: \u201cOs pre\u00e7os desses itens tendem a sofrer forte redu\u00e7\u00e3o, o que geraria impacto sobre os termos de troca e, consequentemente, o n\u00edvel de renda da economia dom\u00e9stica\u201d, observa o RAF.<\/p>\n<p>Tamb\u00e9m chama aten\u00e7\u00e3o dos analistas a tend\u00eancia de fuga de capitais para pa\u00edses com menor percep\u00e7\u00e3o de risco, o que resulta em desvaloriza\u00e7\u00e3o do real.<\/p>\n<p>A redu\u00e7\u00e3o do pre\u00e7o do petr\u00f3leo (atribu\u00edda \u00e0 tens\u00e3o entre Ar\u00e1bia Saudita e R\u00fassia em torno da cota\u00e7\u00e3o internacional) ser\u00e1 ben\u00e9fica para a atividade econ\u00f4mica, mas ter\u00e1 efeitos fiscais desfavor\u00e1veis ao prejudicar o recolhimento de royalties e participa\u00e7\u00f5es pela Uni\u00e3o. Essas receitas tinham crescido em import\u00e2ncia relativa na arrecada\u00e7\u00e3o federal nos \u00faltimos tr\u00eas anos e, tomando como par\u00e2metro os exerc\u00edcios anteriores, a perda potencial em receita pode chegar a R$ 15 bilh\u00f5es. Essa conta n\u00e3o inclui as perdas de estados e munic\u00edpios.<\/p>\n<p><strong>BPC<\/strong><\/p>\n<p>As mudan\u00e7as nas regras de acesso ao Benef\u00edcio de Presta\u00e7\u00e3o Continuada \u2014 vetadas pelo presidente Jair Bolsonaro, mas mantidas pelo Congresso e atualmente suspensas pelo Tribunal de Contas da Uni\u00e3o (TCU) \u2014 tamb\u00e9m devem elevar a despesa da Uni\u00e3o em mais de R$ 26 bilh\u00f5es, pressionando o teto de gastos: \u201cEm um contexto de vig\u00eancia de or\u00e7amento impositivo, a medida retira espa\u00e7o do governo na gest\u00e3o da pol\u00edtica fiscal, al\u00e9m de devolver parte relevante da economia de recursos prevista com a reforma da Previd\u00eancia\u201d.<\/p>\n<p><strong>PIB<\/strong><\/p>\n<p>Apesar de destacar o baixo \u00edndice de infla\u00e7\u00e3o registrado em fevereiro e prever novos cortes da taxa de juros, a IFI lembra que, diante da crise global, as proje\u00e7\u00f5es de crescimento mundial est\u00e3o sendo \u201crapidamente revisadas pra baixo\u201d e, para que seja mantida a previs\u00e3o de crescimento de 2,2% em 2020, o Brasil teria que apresentar uma trajet\u00f3ria de incremento do PIB pouco prov\u00e1vel diante do choque do coronav\u00edrus.<\/p>\n<p>&nbsp;<\/p>\n<p><strong>Fonte:\u00a0<\/strong>Ag\u00eancia Senado<\/p>\n","protected":false},"excerpt":{"rendered":"<p>A pandemia do novo coronav\u00edrus, a flutua\u00e7\u00e3o do pre\u00e7o do petr\u00f3leo e a revis\u00e3o das regras do Benef\u00edcio de Presta\u00e7\u00e3o Continuada (BPC) est\u00e3o entre os fatores de crise que dever\u00e3o interromper a trajet\u00f3ria de recupera\u00e7\u00e3o da economia do pa\u00eds, segundo o mais recente Relat\u00f3rio de Acompanhamento Fiscal (RAF-Mar\/2020) da Institui\u00e7\u00e3o Fiscal Independente (IFI). De acordo [&hellip;]<\/p>\n","protected":false},"author":96,"featured_media":156973,"comment_status":"closed","ping_status":"closed","sticky":false,"template":"","format":"standard","meta":{"footnotes":""},"categories":[436,440,261,439],"tags":[],"class_list":["post-156972","post","type-post","status-publish","format-standard","has-post-thumbnail","hentry","category-destaque-da-semana","category-destaques-do-dia","category-economia","category-ultima-hora"],"_links":{"self":[{"href":"https:\/\/diarioregionaldigital.com.br\/index.php?rest_route=\/wp\/v2\/posts\/156972","targetHints":{"allow":["GET"]}}],"collection":[{"href":"https:\/\/diarioregionaldigital.com.br\/index.php?rest_route=\/wp\/v2\/posts"}],"about":[{"href":"https:\/\/diarioregionaldigital.com.br\/index.php?rest_route=\/wp\/v2\/types\/post"}],"author":[{"embeddable":true,"href":"https:\/\/diarioregionaldigital.com.br\/index.php?rest_route=\/wp\/v2\/users\/96"}],"replies":[{"embeddable":true,"href":"https:\/\/diarioregionaldigital.com.br\/index.php?rest_route=%2Fwp%2Fv2%2Fcomments&post=156972"}],"version-history":[{"count":0,"href":"https:\/\/diarioregionaldigital.com.br\/index.php?rest_route=\/wp\/v2\/posts\/156972\/revisions"}],"wp:featuredmedia":[{"embeddable":true,"href":"https:\/\/diarioregionaldigital.com.br\/index.php?rest_route=\/wp\/v2\/media\/156973"}],"wp:attachment":[{"href":"https:\/\/diarioregionaldigital.com.br\/index.php?rest_route=%2Fwp%2Fv2%2Fmedia&parent=156972"}],"wp:term":[{"taxonomy":"category","embeddable":true,"href":"https:\/\/diarioregionaldigital.com.br\/index.php?rest_route=%2Fwp%2Fv2%2Fcategories&post=156972"},{"taxonomy":"post_tag","embeddable":true,"href":"https:\/\/diarioregionaldigital.com.br\/index.php?rest_route=%2Fwp%2Fv2%2Ftags&post=156972"}],"curies":[{"name":"wp","href":"https:\/\/api.w.org\/{rel}","templated":true}]}}