{"id":156969,"date":"2020-03-17T13:00:26","date_gmt":"2020-03-17T16:00:26","guid":{"rendered":"https:\/\/diarioregionaldigital.com.br\/?p=156969"},"modified":"2020-03-17T12:57:58","modified_gmt":"2020-03-17T15:57:58","slug":"sugestao-popular-veda-corte-de-verbas-de-instituicoes-de-educacao-superior-da-uniao","status":"publish","type":"post","link":"https:\/\/diarioregionaldigital.com.br\/?p=156969","title":{"rendered":"Sugest\u00e3o popular veda corte de verbas de institui\u00e7\u00f5es de educa\u00e7\u00e3o superior da Uni\u00e3o"},"content":{"rendered":"<p>A PEC 9\/2020, proposta de emenda \u00e0 Constitui\u00e7\u00e3o que impede cortes e contingenciamentos nos or\u00e7amentos das institui\u00e7\u00f5es de educa\u00e7\u00e3o superior mantidas pela Uni\u00e3o, aguarda designa\u00e7\u00e3o de relator na Comiss\u00e3o de Constitui\u00e7\u00e3o e Justi\u00e7a (CCJ). Essa PEC teve origem em uma ideia legislativa \u2014 que \u00e9 uma forma de participa\u00e7\u00e3o popular \u2014 apresentada no Portal e-Cidadania.<\/p>\n<p>Quem apresentou a ideia foi o cidad\u00e3o Matheus Gon\u00e7alves Costa. Ap\u00f3s ser apreciada pela Comiss\u00e3o de Direitos Humanos e Legisla\u00e7\u00e3o Participativa (CDH), o presidente do colegiado, senador Paulo Paim (PT-RS), recomendou que essa ideia legislativa se tornasse uma proposta de emenda \u00e0 Constitui\u00e7\u00e3o (PEC), por se tratar de mat\u00e9ria com natureza or\u00e7ament\u00e1ria. O texto foi, ent\u00e3o, enviado \u00e0 CCJ.<\/p>\n<p>Em seu relat\u00f3rio sobre a PEC, Paulo Paim defendeu as institui\u00e7\u00f5es de educa\u00e7\u00e3o superior. Para ele, \u201cas universidades, especialmente as p\u00fablicas, desempenham fun\u00e7\u00e3o de alta relev\u00e2ncia social\u201d. O senador lembrou tamb\u00e9m que a maior parte das pesquisas cient\u00edficas desenvolvidas no pa\u00eds tem origem nas universidades p\u00fablicas.<\/p>\n<p>O contingenciamento ganhou repercuss\u00e3o ap\u00f3s o Minist\u00e9rio da Educa\u00e7\u00e3o (MEC) bloquear 30% do or\u00e7amento de 63 universidades e 38 institutos federais em abril de 2019. Entretanto, o ministro da Educa\u00e7\u00e3o, Abraham Weintraub, ao apresentar as diretrizes e os programas priorit\u00e1rios do MEC, em maio passado, na Comiss\u00e3o de Educa\u00e7\u00e3o (CE), negou os cortes.<\/p>\n<p>Na ocasi\u00e3o, Weintraub disse aos senadores que havia apenas um contingenciamento de recursos. Ele argumentou que a situa\u00e7\u00e3o iria se normalizar ap\u00f3s a aprova\u00e7\u00e3o da Reforma da Previd\u00eancia, que tamb\u00e9m ocorreu no ano passado.<\/p>\n<p>&nbsp;<\/p>\n<p><strong>Fonte:<\/strong>\u00a0Ag\u00eancia Senado<\/p>\n","protected":false},"excerpt":{"rendered":"<p>A PEC 9\/2020, proposta de emenda \u00e0 Constitui\u00e7\u00e3o que impede cortes e contingenciamentos nos or\u00e7amentos das institui\u00e7\u00f5es de educa\u00e7\u00e3o superior mantidas pela Uni\u00e3o, aguarda designa\u00e7\u00e3o de relator na Comiss\u00e3o de Constitui\u00e7\u00e3o e Justi\u00e7a (CCJ). Essa PEC teve origem em uma ideia legislativa \u2014 que \u00e9 uma forma de participa\u00e7\u00e3o popular \u2014 apresentada no Portal e-Cidadania. [&hellip;]<\/p>\n","protected":false},"author":96,"featured_media":156970,"comment_status":"closed","ping_status":"closed","sticky":false,"template":"","format":"standard","meta":{"footnotes":""},"categories":[436,261,439],"tags":[],"class_list":["post-156969","post","type-post","status-publish","format-standard","has-post-thumbnail","hentry","category-destaque-da-semana","category-economia","category-ultima-hora"],"_links":{"self":[{"href":"https:\/\/diarioregionaldigital.com.br\/index.php?rest_route=\/wp\/v2\/posts\/156969","targetHints":{"allow":["GET"]}}],"collection":[{"href":"https:\/\/diarioregionaldigital.com.br\/index.php?rest_route=\/wp\/v2\/posts"}],"about":[{"href":"https:\/\/diarioregionaldigital.com.br\/index.php?rest_route=\/wp\/v2\/types\/post"}],"author":[{"embeddable":true,"href":"https:\/\/diarioregionaldigital.com.br\/index.php?rest_route=\/wp\/v2\/users\/96"}],"replies":[{"embeddable":true,"href":"https:\/\/diarioregionaldigital.com.br\/index.php?rest_route=%2Fwp%2Fv2%2Fcomments&post=156969"}],"version-history":[{"count":0,"href":"https:\/\/diarioregionaldigital.com.br\/index.php?rest_route=\/wp\/v2\/posts\/156969\/revisions"}],"wp:featuredmedia":[{"embeddable":true,"href":"https:\/\/diarioregionaldigital.com.br\/index.php?rest_route=\/wp\/v2\/media\/156970"}],"wp:attachment":[{"href":"https:\/\/diarioregionaldigital.com.br\/index.php?rest_route=%2Fwp%2Fv2%2Fmedia&parent=156969"}],"wp:term":[{"taxonomy":"category","embeddable":true,"href":"https:\/\/diarioregionaldigital.com.br\/index.php?rest_route=%2Fwp%2Fv2%2Fcategories&post=156969"},{"taxonomy":"post_tag","embeddable":true,"href":"https:\/\/diarioregionaldigital.com.br\/index.php?rest_route=%2Fwp%2Fv2%2Ftags&post=156969"}],"curies":[{"name":"wp","href":"https:\/\/api.w.org\/{rel}","templated":true}]}}