{"id":156957,"date":"2020-03-17T06:00:08","date_gmt":"2020-03-17T09:00:08","guid":{"rendered":"https:\/\/diarioregionaldigital.com.br\/?p=156957"},"modified":"2020-03-17T02:44:33","modified_gmt":"2020-03-17T05:44:33","slug":"atencao-2","status":"publish","type":"post","link":"https:\/\/diarioregionaldigital.com.br\/?p=156957","title":{"rendered":"Aten\u00e7\u00e3o"},"content":{"rendered":"<p style=\"text-align: center;\"><strong>Sa\u00fade<\/strong><\/p>\n<p style=\"text-align: center;\">Em tempo de contamina\u00e7\u00e3o, o Governo de Minas Gerais preparou um material especial com orienta\u00e7\u00f5es sobre preven\u00e7\u00e3o e cuidados quanto ao Coronav\u00edrus (Covid-19). O informativo foi preparado pela Secretaria de Estado de Educa\u00e7\u00e3o e Sa\u00fade e ser\u00e1 distribu\u00eddo aos alunos das escolas p\u00fablicas.<\/p>\n<p style=\"text-align: center;\"><strong>Visibilidade<\/strong><\/p>\n<p style=\"text-align: center;\">O hospital Monte Sinai de Juiz de Fora est\u00e1 em alta. Ele figura entre os 30 melhores hospitais brasileiros segundo a \u201cRevista NewsWeek \u2013 The Word\u2019s Best Hospitais 2020\u201d. O ranking pontuou os 50 melhores em 21 pa\u00edses. A pesquisa, realizada pela empresa Statista, ouviu especialistas internacionais, m\u00e9dicos, pacientes e considerou o n\u00edvel de seguran\u00e7a, protocolos cl\u00ednicos e acredita\u00e7\u00e3o hospitalar m\u00e1xima.<\/p>\n<p style=\"text-align: center;\"><strong>Oficinas Direcionadas<\/strong><\/p>\n<p style=\"text-align: center;\">O Polo Interdisciplinar de Ensino, Pesquisa e Extens\u00e3o sobre o Processo de Envelhecimento da UFJF, por meio do projeto de extens\u00e3o \u201cAcolhendo e informando os cuidadores de pacientes com doen\u00e7a de Alzheimer (DA)\u201d abre 20 vagas, para capacitar e instrumentalizar familiares de idosos com a patologia degenerativa. As inscri\u00e7\u00f5es s\u00e3o gratuitas e devem ser feitas, presencialmente, na Casa Helenira Preta, at\u00e9 o dia 20, das 8h30 \u00e0s 12h.<\/p>\n<p style=\"text-align: center;\"><strong>Arte<\/strong><\/p>\n<p style=\"text-align: center;\">O Classifique Est\u00fadio de Ballet, est\u00e1 ajudando na coordena\u00e7\u00e3o do festival Amadan\u00e7a, que est\u00e1 completando 15 anos e \u00e9 o maior festival de dan\u00e7a de Juiz de Fora e regi\u00e3o. As inscri\u00e7\u00f5es j\u00e1 est\u00e3o abertas. Em 2020 o festival ser\u00e1 realizado em 4 formatos: Amadancinha, Mostra Livre, Mostra Competitiva e Amadan\u00e7a Premium.<\/p>\n<p style=\"text-align: center;\"><span style=\"font-size: 14pt;\"><strong>Aten\u00e7\u00e3o<\/strong><\/span><\/p>\n<p style=\"text-align: center;\">Seguindo as orienta\u00e7\u00f5es do Minist\u00e9rio da Sa\u00fade, diante do aumento de casos do novo Coronav\u00edrus (Covid-19) a Diretoria e Comiss\u00e3o organizadora decidiram adiar a data da 6\u00aa Feijoada Beneficente da Ascomcer, que seria realizada neste s\u00e1bado (21), prezando pela seguran\u00e7a e sa\u00fade de todos. O evento foi remarcado junto ao Trade Hotel para o dia 18 de julho.<\/p>\n<div id=\"attachment_156933\" style=\"width: 690px\" class=\"wp-caption aligncenter\"><img loading=\"lazy\" decoding=\"async\" aria-describedby=\"caption-attachment-156933\" class=\"wp-image-156933\" src=\"https:\/\/diarioregionaldigital.com.br\/wp-content\/uploads\/fotoa-37-e1584423136328.jpg\" alt=\"\" width=\"680\" height=\"539\" srcset=\"https:\/\/diarioregionaldigital.com.br\/wp-content\/uploads\/fotoa-37-e1584423136328.jpg 1277w, https:\/\/diarioregionaldigital.com.br\/wp-content\/uploads\/fotoa-37-e1584423136328-300x238.jpg 300w, https:\/\/diarioregionaldigital.com.br\/wp-content\/uploads\/fotoa-37-e1584423136328-768x609.jpg 768w, https:\/\/diarioregionaldigital.com.br\/wp-content\/uploads\/fotoa-37-e1584423136328-1024x812.jpg 1024w, https:\/\/diarioregionaldigital.com.br\/wp-content\/uploads\/fotoa-37-e1584423136328-360x285.jpg 360w\" sizes=\"auto, (max-width: 680px) 100vw, 680px\" \/><p id=\"caption-attachment-156933\" class=\"wp-caption-text\">O charme do coiffeur Andr\u00e9 Pavam ganha vez como destaque nesta 3\u00aa feira de luz<\/p><\/div>\n<div id=\"attachment_156934\" style=\"width: 690px\" class=\"wp-caption aligncenter\"><img loading=\"lazy\" decoding=\"async\" aria-describedby=\"caption-attachment-156934\" class=\"wp-image-156934\" src=\"https:\/\/diarioregionaldigital.com.br\/wp-content\/uploads\/fotob-41-e1584423173119.jpg\" alt=\"\" width=\"680\" height=\"550\" srcset=\"https:\/\/diarioregionaldigital.com.br\/wp-content\/uploads\/fotob-41-e1584423173119.jpg 1357w, https:\/\/diarioregionaldigital.com.br\/wp-content\/uploads\/fotob-41-e1584423173119-300x243.jpg 300w, https:\/\/diarioregionaldigital.com.br\/wp-content\/uploads\/fotob-41-e1584423173119-768x621.jpg 768w, https:\/\/diarioregionaldigital.com.br\/wp-content\/uploads\/fotob-41-e1584423173119-1024x828.jpg 1024w, https:\/\/diarioregionaldigital.com.br\/wp-content\/uploads\/fotob-41-e1584423173119-360x291.jpg 360w\" sizes=\"auto, (max-width: 680px) 100vw, 680px\" \/><p id=\"caption-attachment-156934\" class=\"wp-caption-text\">No Casar\u00e3o com produ\u00e7\u00e3o do Buffet \u201cA Festa \u00e9 Sua\u201d, a formanda em Veterin\u00e1ria pela Unipac Nat\u00e1lia Raposo com o jornalista Talison Vardiero<\/p><\/div>\n<div id=\"attachment_156935\" style=\"width: 690px\" class=\"wp-caption aligncenter\"><img loading=\"lazy\" decoding=\"async\" aria-describedby=\"caption-attachment-156935\" class=\"wp-image-156935\" src=\"https:\/\/diarioregionaldigital.com.br\/wp-content\/uploads\/fotoc-38.jpg\" alt=\"\" width=\"680\" height=\"452\" srcset=\"https:\/\/diarioregionaldigital.com.br\/wp-content\/uploads\/fotoc-38.jpg 2360w, https:\/\/diarioregionaldigital.com.br\/wp-content\/uploads\/fotoc-38-300x199.jpg 300w, https:\/\/diarioregionaldigital.com.br\/wp-content\/uploads\/fotoc-38-768x510.jpg 768w, https:\/\/diarioregionaldigital.com.br\/wp-content\/uploads\/fotoc-38-1024x680.jpg 1024w, https:\/\/diarioregionaldigital.com.br\/wp-content\/uploads\/fotoc-38-360x239.jpg 360w\" sizes=\"auto, (max-width: 680px) 100vw, 680px\" \/><p id=\"caption-attachment-156935\" class=\"wp-caption-text\">Durante sua exposi\u00e7\u00e3o na Gallery no Shopping Casa &amp; Gourmet (RJ), o artista Wesley Monteiro com Paulo Sanctus e Carlos Sacchi<\/p><\/div>\n<div id=\"attachment_156936\" style=\"width: 690px\" class=\"wp-caption aligncenter\"><img loading=\"lazy\" decoding=\"async\" aria-describedby=\"caption-attachment-156936\" class=\"wp-image-156936\" src=\"https:\/\/diarioregionaldigital.com.br\/wp-content\/uploads\/fotod-37.jpg\" alt=\"\" width=\"680\" height=\"447\" srcset=\"https:\/\/diarioregionaldigital.com.br\/wp-content\/uploads\/fotod-37.jpg 2520w, https:\/\/diarioregionaldigital.com.br\/wp-content\/uploads\/fotod-37-300x197.jpg 300w, https:\/\/diarioregionaldigital.com.br\/wp-content\/uploads\/fotod-37-768x505.jpg 768w, https:\/\/diarioregionaldigital.com.br\/wp-content\/uploads\/fotod-37-1024x673.jpg 1024w, https:\/\/diarioregionaldigital.com.br\/wp-content\/uploads\/fotod-37-360x237.jpg 360w\" sizes=\"auto, (max-width: 680px) 100vw, 680px\" \/><p id=\"caption-attachment-156936\" class=\"wp-caption-text\">Gente de sucesso no Espa\u00e7o Catete (RJ), Edmar J\u00fanior, a diva Sandra Portella, M\u00f4nica Ben\u00edcio e Marco Andr\u00e9<\/p><\/div>\n<div id=\"attachment_156937\" style=\"width: 690px\" class=\"wp-caption aligncenter\"><img loading=\"lazy\" decoding=\"async\" aria-describedby=\"caption-attachment-156937\" class=\"wp-image-156937\" src=\"https:\/\/diarioregionaldigital.com.br\/wp-content\/uploads\/fotoe-35-e1584423236990.jpg\" alt=\"\" width=\"680\" height=\"547\" srcset=\"https:\/\/diarioregionaldigital.com.br\/wp-content\/uploads\/fotoe-35-e1584423236990.jpg 1752w, https:\/\/diarioregionaldigital.com.br\/wp-content\/uploads\/fotoe-35-e1584423236990-300x241.jpg 300w, https:\/\/diarioregionaldigital.com.br\/wp-content\/uploads\/fotoe-35-e1584423236990-768x618.jpg 768w, https:\/\/diarioregionaldigital.com.br\/wp-content\/uploads\/fotoe-35-e1584423236990-1024x824.jpg 1024w, https:\/\/diarioregionaldigital.com.br\/wp-content\/uploads\/fotoe-35-e1584423236990-360x290.jpg 360w\" sizes=\"auto, (max-width: 680px) 100vw, 680px\" \/><p id=\"caption-attachment-156937\" class=\"wp-caption-text\">Em cena Novos Talentos, a artista Carol Chaiffer e o professor Elton Carlos em momento tiete<\/p><\/div>\n<div id=\"attachment_156938\" style=\"width: 690px\" class=\"wp-caption aligncenter\"><img loading=\"lazy\" decoding=\"async\" aria-describedby=\"caption-attachment-156938\" class=\"wp-image-156938\" src=\"https:\/\/diarioregionaldigital.com.br\/wp-content\/uploads\/fotof-36-e1584423269395.jpg\" alt=\"\" width=\"680\" height=\"513\" srcset=\"https:\/\/diarioregionaldigital.com.br\/wp-content\/uploads\/fotof-36-e1584423269395.jpg 1751w, https:\/\/diarioregionaldigital.com.br\/wp-content\/uploads\/fotof-36-e1584423269395-300x226.jpg 300w, https:\/\/diarioregionaldigital.com.br\/wp-content\/uploads\/fotof-36-e1584423269395-768x579.jpg 768w, https:\/\/diarioregionaldigital.com.br\/wp-content\/uploads\/fotof-36-e1584423269395-1024x773.jpg 1024w, https:\/\/diarioregionaldigital.com.br\/wp-content\/uploads\/fotof-36-e1584423269395-360x272.jpg 360w\" sizes=\"auto, (max-width: 680px) 100vw, 680px\" \/><p id=\"caption-attachment-156938\" class=\"wp-caption-text\">No lan\u00e7amento da revista Soul Fashion, So fashion, Sou fashion, no CCBM, Jo\u00e3o Braga, Fernanda Cruzick e Daniel Rodrigues<\/p><\/div>\n<div id=\"attachment_156939\" style=\"width: 690px\" class=\"wp-caption aligncenter\"><img loading=\"lazy\" decoding=\"async\" aria-describedby=\"caption-attachment-156939\" class=\"wp-image-156939\" src=\"https:\/\/diarioregionaldigital.com.br\/wp-content\/uploads\/fotog-35.jpg\" alt=\"\" width=\"680\" height=\"446\" srcset=\"https:\/\/diarioregionaldigital.com.br\/wp-content\/uploads\/fotog-35.jpg 2648w, https:\/\/diarioregionaldigital.com.br\/wp-content\/uploads\/fotog-35-300x197.jpg 300w, https:\/\/diarioregionaldigital.com.br\/wp-content\/uploads\/fotog-35-768x503.jpg 768w, https:\/\/diarioregionaldigital.com.br\/wp-content\/uploads\/fotog-35-1024x671.jpg 1024w, https:\/\/diarioregionaldigital.com.br\/wp-content\/uploads\/fotog-35-360x236.jpg 360w\" sizes=\"auto, (max-width: 680px) 100vw, 680px\" \/><p id=\"caption-attachment-156939\" class=\"wp-caption-text\">Nos Est\u00fadios Globo, o produtor Val Santos e a cantora e apresentadora Ang\u00e9lica<\/p><\/div>\n<div id=\"attachment_156940\" style=\"width: 690px\" class=\"wp-caption aligncenter\"><img loading=\"lazy\" decoding=\"async\" aria-describedby=\"caption-attachment-156940\" class=\"wp-image-156940\" src=\"https:\/\/diarioregionaldigital.com.br\/wp-content\/uploads\/fotoh-29.jpg\" alt=\"\" width=\"680\" height=\"449\" srcset=\"https:\/\/diarioregionaldigital.com.br\/wp-content\/uploads\/fotoh-29.jpg 2800w, https:\/\/diarioregionaldigital.com.br\/wp-content\/uploads\/fotoh-29-300x198.jpg 300w, https:\/\/diarioregionaldigital.com.br\/wp-content\/uploads\/fotoh-29-768x507.jpg 768w, https:\/\/diarioregionaldigital.com.br\/wp-content\/uploads\/fotoh-29-1024x676.jpg 1024w, https:\/\/diarioregionaldigital.com.br\/wp-content\/uploads\/fotoh-29-1440x950.jpg 1440w, https:\/\/diarioregionaldigital.com.br\/wp-content\/uploads\/fotoh-29-360x238.jpg 360w\" sizes=\"auto, (max-width: 680px) 100vw, 680px\" \/><p id=\"caption-attachment-156940\" class=\"wp-caption-text\">O modelo Leonardo Jesus, em recente temporada em Cabo Frio (RJ)<\/p><\/div>\n<p style=\"text-align: center;\"><strong>FOTOSS\u00cdNTESE<\/strong><\/p>\n<p>Com sua voz ativa, Jean Menezes do Carmo foi reconduzido \u00e0 presid\u00eancia do C\u00edrculo Mon\u00e1rquico de Juiz de Fora. A sua vice \u00e9 a elegante Fl\u00e1via Halfeld.<\/p>\n<p>Talentoso e disciplinado, o arquiteto Rog\u00e9rio Mascarenhas Aguiar assina o projeto do novo parque aqu\u00e1tico do Tupi. Localizado ao lado da sede social teve parceria com a ACR Empreendimentos.<\/p>\n<p>Digna de elogios, a escritora e poeta, Maria Helena Sleutjes foi agraciada com o pr\u00eamio Mulheres que Tecem o Mundo pela Academia Internacional da Uni\u00e3o Cultural, em S\u00e3o Paulo.<\/p>\n<p>A atriz juiz-fora K\u00eania B\u00e1rbara Pimenta estreou no Teatro Firjan (Rio), o espet\u00e1culo \u201cYab\u00e1-Mulheres negras.\u201d<\/p>\n<p>Agendando para 21 de mar\u00e7o, \u00e0s 21h30, no Circulo Militar, a festa Flash Back, com Beatles Forever e Ser\u00e3o Extra.<\/p>\n<p>Reza a Lenda que elefante da sorte e a nova cole\u00e7\u00e3o outono-inverno da Veneno ser\u00e1 lan\u00e7ada no dia 27 de mar\u00e7o, na rua: Dr. Jos\u00e9 Cez\u00e1rio, n\u00ba45\/2201 \u2013 Passos, de 13h24 at\u00e9 19h54. No s\u00e1bado 28, j\u00e1 estar\u00e1 na loja do Mister Shopping, 2\u00ba piso.<\/p>\n<p>Sess\u00e3o flor de laranjeira vai unir o bonito casal Rodrimary Gomes e Caio Santos, no dia 11 de abril, \u00e0s 16h, no S\u00edtio Vov\u00f4 Tot\u00f3, em Curvelo (MG). Ela, filha de Jos\u00e9 Roberto da Silva Gomes e Maria Margareth Euz\u00e9bio Gomes. Ele, filho de Jeronimo Sebasti\u00e3o Santos e Arlete Ribeiro Santos.<\/p>\n<p>E a\u00ed? N\u00e3o corte suas asas para ficar pr\u00f3ximo de pessoas que n\u00e3o conseguem voar. Bom dia.<\/p>\n<p><img loading=\"lazy\" decoding=\"async\" class=\"aligncenter size-full wp-image-156958\" src=\"https:\/\/diarioregionaldigital.com.br\/wp-content\/uploads\/anuncio86.jpg\" alt=\"\" width=\"3505\" height=\"1318\" srcset=\"https:\/\/diarioregionaldigital.com.br\/wp-content\/uploads\/anuncio86.jpg 3505w, https:\/\/diarioregionaldigital.com.br\/wp-content\/uploads\/anuncio86-300x113.jpg 300w, https:\/\/diarioregionaldigital.com.br\/wp-content\/uploads\/anuncio86-768x289.jpg 768w, https:\/\/diarioregionaldigital.com.br\/wp-content\/uploads\/anuncio86-1024x385.jpg 1024w, https:\/\/diarioregionaldigital.com.br\/wp-content\/uploads\/anuncio86-360x135.jpg 360w\" sizes=\"auto, (max-width: 3505px) 100vw, 3505px\" \/><\/p>\n","protected":false},"excerpt":{"rendered":"<p>Sa\u00fade Em tempo de contamina\u00e7\u00e3o, o Governo de Minas Gerais preparou um material especial com orienta\u00e7\u00f5es sobre preven\u00e7\u00e3o e cuidados quanto ao Coronav\u00edrus (Covid-19). O informativo foi preparado pela Secretaria de Estado de Educa\u00e7\u00e3o e Sa\u00fade e ser\u00e1 distribu\u00eddo aos alunos das escolas p\u00fablicas. Visibilidade O hospital Monte Sinai de Juiz de Fora est\u00e1 em [&hellip;]<\/p>\n","protected":false},"author":96,"featured_media":156933,"comment_status":"closed","ping_status":"closed","sticky":false,"template":"","format":"standard","meta":{"footnotes":""},"categories":[264],"tags":[],"class_list":["post-156957","post","type-post","status-publish","format-standard","has-post-thumbnail","hentry","category-eduardo-gomes"],"_links":{"self":[{"href":"https:\/\/diarioregionaldigital.com.br\/index.php?rest_route=\/wp\/v2\/posts\/156957","targetHints":{"allow":["GET"]}}],"collection":[{"href":"https:\/\/diarioregionaldigital.com.br\/index.php?rest_route=\/wp\/v2\/posts"}],"about":[{"href":"https:\/\/diarioregionaldigital.com.br\/index.php?rest_route=\/wp\/v2\/types\/post"}],"author":[{"embeddable":true,"href":"https:\/\/diarioregionaldigital.com.br\/index.php?rest_route=\/wp\/v2\/users\/96"}],"replies":[{"embeddable":true,"href":"https:\/\/diarioregionaldigital.com.br\/index.php?rest_route=%2Fwp%2Fv2%2Fcomments&post=156957"}],"version-history":[{"count":0,"href":"https:\/\/diarioregionaldigital.com.br\/index.php?rest_route=\/wp\/v2\/posts\/156957\/revisions"}],"wp:featuredmedia":[{"embeddable":true,"href":"https:\/\/diarioregionaldigital.com.br\/index.php?rest_route=\/wp\/v2\/media\/156933"}],"wp:attachment":[{"href":"https:\/\/diarioregionaldigital.com.br\/index.php?rest_route=%2Fwp%2Fv2%2Fmedia&parent=156957"}],"wp:term":[{"taxonomy":"category","embeddable":true,"href":"https:\/\/diarioregionaldigital.com.br\/index.php?rest_route=%2Fwp%2Fv2%2Fcategories&post=156957"},{"taxonomy":"post_tag","embeddable":true,"href":"https:\/\/diarioregionaldigital.com.br\/index.php?rest_route=%2Fwp%2Fv2%2Ftags&post=156957"}],"curies":[{"name":"wp","href":"https:\/\/api.w.org\/{rel}","templated":true}]}}