{"id":156951,"date":"2020-03-16T18:55:38","date_gmt":"2020-03-16T21:55:38","guid":{"rendered":"https:\/\/diarioregionaldigital.com.br\/?p=156951"},"modified":"2020-03-16T18:55:38","modified_gmt":"2020-03-16T21:55:38","slug":"dois-individuos-sao-presos-por-roubo-no-aeroporto","status":"publish","type":"post","link":"https:\/\/diarioregionaldigital.com.br\/?p=156951","title":{"rendered":"Dois indiv\u00edduos s\u00e3o presos por roubo no Aeroporto"},"content":{"rendered":"<p>A Pol\u00edcia Militar (PM), prendeu nesse domingo (15), dois indiv\u00edduos, sem idades informadas, por roubo de celular no Bairro Aeroporto (Regi\u00e3o Oeste) em Juiz de Fora. Segundo informa\u00e7\u00f5es da PM, a v\u00edtima do roubo relatou que os dois infratores estavam armados e ao realizarem abordagem, exigiram o celular. Os dois suspeitos fugiram pelo matagal sentido Est\u00e1dio Municipal Radialista Mario Hel\u00eanio.<\/p>\n<p>Ao realizar intenso rastreamento, os suspeitos foram localizados e reconhecidos pela v\u00edtima. A PM recolheu o telefone celular, um simulacro de arma de fogo e um canivete. Os infratores foram presos e encaminhados para \u00e0 Delegacia, junto com os materiais apreendidos, para devidas provid\u00eancias.<\/p>\n","protected":false},"excerpt":{"rendered":"<p>A Pol\u00edcia Militar (PM), prendeu nesse domingo (15), dois indiv\u00edduos, sem idades informadas, por roubo de celular no Bairro Aeroporto (Regi\u00e3o Oeste) em Juiz de Fora. Segundo informa\u00e7\u00f5es da PM, a v\u00edtima do roubo relatou que os dois infratores estavam armados e ao realizarem abordagem, exigiram o celular. Os dois suspeitos fugiram pelo matagal sentido [&hellip;]<\/p>\n","protected":false},"author":96,"featured_media":156952,"comment_status":"closed","ping_status":"closed","sticky":false,"template":"","format":"standard","meta":{"footnotes":""},"categories":[301,436,439],"tags":[],"class_list":["post-156951","post","type-post","status-publish","format-standard","has-post-thumbnail","hentry","category-artigos-policiais","category-destaque-da-semana","category-ultima-hora"],"_links":{"self":[{"href":"https:\/\/diarioregionaldigital.com.br\/index.php?rest_route=\/wp\/v2\/posts\/156951","targetHints":{"allow":["GET"]}}],"collection":[{"href":"https:\/\/diarioregionaldigital.com.br\/index.php?rest_route=\/wp\/v2\/posts"}],"about":[{"href":"https:\/\/diarioregionaldigital.com.br\/index.php?rest_route=\/wp\/v2\/types\/post"}],"author":[{"embeddable":true,"href":"https:\/\/diarioregionaldigital.com.br\/index.php?rest_route=\/wp\/v2\/users\/96"}],"replies":[{"embeddable":true,"href":"https:\/\/diarioregionaldigital.com.br\/index.php?rest_route=%2Fwp%2Fv2%2Fcomments&post=156951"}],"version-history":[{"count":0,"href":"https:\/\/diarioregionaldigital.com.br\/index.php?rest_route=\/wp\/v2\/posts\/156951\/revisions"}],"wp:featuredmedia":[{"embeddable":true,"href":"https:\/\/diarioregionaldigital.com.br\/index.php?rest_route=\/wp\/v2\/media\/156952"}],"wp:attachment":[{"href":"https:\/\/diarioregionaldigital.com.br\/index.php?rest_route=%2Fwp%2Fv2%2Fmedia&parent=156951"}],"wp:term":[{"taxonomy":"category","embeddable":true,"href":"https:\/\/diarioregionaldigital.com.br\/index.php?rest_route=%2Fwp%2Fv2%2Fcategories&post=156951"},{"taxonomy":"post_tag","embeddable":true,"href":"https:\/\/diarioregionaldigital.com.br\/index.php?rest_route=%2Fwp%2Fv2%2Ftags&post=156951"}],"curies":[{"name":"wp","href":"https:\/\/api.w.org\/{rel}","templated":true}]}}