{"id":156949,"date":"2020-03-16T18:49:26","date_gmt":"2020-03-16T21:49:26","guid":{"rendered":"https:\/\/diarioregionaldigital.com.br\/?p=156949"},"modified":"2020-03-16T18:49:26","modified_gmt":"2020-03-16T21:49:26","slug":"pm-recolhe-drogas-no-jardim-gaucho","status":"publish","type":"post","link":"https:\/\/diarioregionaldigital.com.br\/?p=156949","title":{"rendered":"PM recolhe drogas no Jardim Ga\u00facho"},"content":{"rendered":"<p>Durante a Opera\u00e7\u00e3o Batida Policial realizada nesse \u00faltimo s\u00e1bado (14), a Pol\u00edcia Militar (PM), identificou um indiv\u00edduo em atitude suspeita, no Bairro Jardim Ga\u00facho (Regi\u00e3o Sudeste) em Juiz de Fora. Ao perceber a presen\u00e7a dos policiais, o suspeito fugiu do local em sentido ignorado. Naquele ponto, a PM encontrou 12 buchas de haxixe, duas por\u00e7\u00f5es de coca\u00edna, 9 eppendorf e uma balan\u00e7a de precis\u00e3o.<\/p>\n<p>Dando continuidade \u00e0s dilig\u00eancias, a PM iniciou rastreamento e identificou o suspeito. Os policiais seguem com o processo de rastreamento.<\/p>\n","protected":false},"excerpt":{"rendered":"<p>Durante a Opera\u00e7\u00e3o Batida Policial realizada nesse \u00faltimo s\u00e1bado (14), a Pol\u00edcia Militar (PM), identificou um indiv\u00edduo em atitude suspeita, no Bairro Jardim Ga\u00facho (Regi\u00e3o Sudeste) em Juiz de Fora. Ao perceber a presen\u00e7a dos policiais, o suspeito fugiu do local em sentido ignorado. Naquele ponto, a PM encontrou 12 buchas de haxixe, duas por\u00e7\u00f5es [&hellip;]<\/p>\n","protected":false},"author":96,"featured_media":97342,"comment_status":"closed","ping_status":"closed","sticky":false,"template":"","format":"standard","meta":{"footnotes":""},"categories":[301,436,439],"tags":[],"class_list":["post-156949","post","type-post","status-publish","format-standard","has-post-thumbnail","hentry","category-artigos-policiais","category-destaque-da-semana","category-ultima-hora"],"_links":{"self":[{"href":"https:\/\/diarioregionaldigital.com.br\/index.php?rest_route=\/wp\/v2\/posts\/156949","targetHints":{"allow":["GET"]}}],"collection":[{"href":"https:\/\/diarioregionaldigital.com.br\/index.php?rest_route=\/wp\/v2\/posts"}],"about":[{"href":"https:\/\/diarioregionaldigital.com.br\/index.php?rest_route=\/wp\/v2\/types\/post"}],"author":[{"embeddable":true,"href":"https:\/\/diarioregionaldigital.com.br\/index.php?rest_route=\/wp\/v2\/users\/96"}],"replies":[{"embeddable":true,"href":"https:\/\/diarioregionaldigital.com.br\/index.php?rest_route=%2Fwp%2Fv2%2Fcomments&post=156949"}],"version-history":[{"count":0,"href":"https:\/\/diarioregionaldigital.com.br\/index.php?rest_route=\/wp\/v2\/posts\/156949\/revisions"}],"wp:featuredmedia":[{"embeddable":true,"href":"https:\/\/diarioregionaldigital.com.br\/index.php?rest_route=\/wp\/v2\/media\/97342"}],"wp:attachment":[{"href":"https:\/\/diarioregionaldigital.com.br\/index.php?rest_route=%2Fwp%2Fv2%2Fmedia&parent=156949"}],"wp:term":[{"taxonomy":"category","embeddable":true,"href":"https:\/\/diarioregionaldigital.com.br\/index.php?rest_route=%2Fwp%2Fv2%2Fcategories&post=156949"},{"taxonomy":"post_tag","embeddable":true,"href":"https:\/\/diarioregionaldigital.com.br\/index.php?rest_route=%2Fwp%2Fv2%2Ftags&post=156949"}],"curies":[{"name":"wp","href":"https:\/\/api.w.org\/{rel}","templated":true}]}}