{"id":156946,"date":"2020-03-16T18:32:42","date_gmt":"2020-03-16T21:32:42","guid":{"rendered":"https:\/\/diarioregionaldigital.com.br\/?p=156946"},"modified":"2020-03-16T18:32:42","modified_gmt":"2020-03-16T21:32:42","slug":"prf-recolhe-30-tabletes-de-maconha","status":"publish","type":"post","link":"https:\/\/diarioregionaldigital.com.br\/?p=156946","title":{"rendered":"PRF recolhe 30 tabletes de maconha"},"content":{"rendered":"<p>Durante uma fiscaliza\u00e7\u00e3o de rotina realizada nessa segunda-feira (16), a Pol\u00edcia Rodovi\u00e1ria Federal (PRF), recolheu 30 tabletes de maconha transportados em um autom\u00f3vel com placas do Rio de Janeiro, no Km 180 da BR-267. Na tentativa de abordagem ao condutor, o mesmo ignorou as ordens e evadiu do local em alta velocidade. Ap\u00f3s o ato, a PRF acompanhou o ve\u00edculo durante 40 Km e em um determinado momento, o motorista perdeu o controle do ve\u00edculo e o mesmo capotou. Segundo relatos das testemunhas, o infrator teria entrado em um \u00f4nibus urbano que faz a linha Ros\u00e1rio de Minas x Juiz de Fora.<\/p>\n<p>Ao chegar no local, os policiais encontraram o ve\u00edculo acidentado e iniciaram buscas para localizar o suspeito, o qual n\u00e3o foi identificado. Dentro do autom\u00f3vel, foram encontrados o Certificado de Registro e Licenciamento de Ve\u00edculo (CRLV) e a chave.\u00a0Um policial, que estava de folga e passava pelo local, encontrou um saco grande, contendo 30 tabletes de maconha e manteve a mercadoria sob sua guarda at\u00e9 a chegada da PRF.<\/p>\n<p>Dando continuidade \u00e0s dilig\u00eancias, os policiais identificaram que o ve\u00edculo tinha sido clonado e tinha seus elementos identificadores alterados,\u00a0tratando-se de um outro autompovel da mesma marca e modelo roubado em 13\/02\/2020 no Rio de Janeiro.<\/p>\n<p>Tendo em vista os fatos narrados a PRF procedeu a apreens\u00e3o do ve\u00edculo e das drogas, que ser\u00e3o encaminhados para a Delegacia da Pol\u00edcia Civil em Juiz de Fora para provid\u00eancias.<\/p>\n","protected":false},"excerpt":{"rendered":"<p>Durante uma fiscaliza\u00e7\u00e3o de rotina realizada nessa segunda-feira (16), a Pol\u00edcia Rodovi\u00e1ria Federal (PRF), recolheu 30 tabletes de maconha transportados em um autom\u00f3vel com placas do Rio de Janeiro, no Km 180 da BR-267. Na tentativa de abordagem ao condutor, o mesmo ignorou as ordens e evadiu do local em alta velocidade. Ap\u00f3s o ato, [&hellip;]<\/p>\n","protected":false},"author":96,"featured_media":156947,"comment_status":"closed","ping_status":"closed","sticky":false,"template":"","format":"standard","meta":{"footnotes":""},"categories":[301,436,439],"tags":[],"class_list":["post-156946","post","type-post","status-publish","format-standard","has-post-thumbnail","hentry","category-artigos-policiais","category-destaque-da-semana","category-ultima-hora"],"_links":{"self":[{"href":"https:\/\/diarioregionaldigital.com.br\/index.php?rest_route=\/wp\/v2\/posts\/156946","targetHints":{"allow":["GET"]}}],"collection":[{"href":"https:\/\/diarioregionaldigital.com.br\/index.php?rest_route=\/wp\/v2\/posts"}],"about":[{"href":"https:\/\/diarioregionaldigital.com.br\/index.php?rest_route=\/wp\/v2\/types\/post"}],"author":[{"embeddable":true,"href":"https:\/\/diarioregionaldigital.com.br\/index.php?rest_route=\/wp\/v2\/users\/96"}],"replies":[{"embeddable":true,"href":"https:\/\/diarioregionaldigital.com.br\/index.php?rest_route=%2Fwp%2Fv2%2Fcomments&post=156946"}],"version-history":[{"count":0,"href":"https:\/\/diarioregionaldigital.com.br\/index.php?rest_route=\/wp\/v2\/posts\/156946\/revisions"}],"wp:featuredmedia":[{"embeddable":true,"href":"https:\/\/diarioregionaldigital.com.br\/index.php?rest_route=\/wp\/v2\/media\/156947"}],"wp:attachment":[{"href":"https:\/\/diarioregionaldigital.com.br\/index.php?rest_route=%2Fwp%2Fv2%2Fmedia&parent=156946"}],"wp:term":[{"taxonomy":"category","embeddable":true,"href":"https:\/\/diarioregionaldigital.com.br\/index.php?rest_route=%2Fwp%2Fv2%2Fcategories&post=156946"},{"taxonomy":"post_tag","embeddable":true,"href":"https:\/\/diarioregionaldigital.com.br\/index.php?rest_route=%2Fwp%2Fv2%2Ftags&post=156946"}],"curies":[{"name":"wp","href":"https:\/\/api.w.org\/{rel}","templated":true}]}}