{"id":156943,"date":"2020-03-16T18:23:40","date_gmt":"2020-03-16T21:23:40","guid":{"rendered":"https:\/\/diarioregionaldigital.com.br\/?p=156943"},"modified":"2020-03-16T18:23:40","modified_gmt":"2020-03-16T21:23:40","slug":"veiculo-roubado-no-espirito-santo-e-recuperado-pela-prf","status":"publish","type":"post","link":"https:\/\/diarioregionaldigital.com.br\/?p=156943","title":{"rendered":"Ve\u00edculo roubado no Esp\u00edrito Santo \u00e9 recuperado pela PRF"},"content":{"rendered":"<p>Nesse domingo (15), a Pol\u00edcia Rodovi\u00e1ria Federal (PRF), recuperou uma camionete que havia sido roubada no Esp\u00edrito Santo. Segundo informa\u00e7\u00f5es, o autom\u00f3vel foi localizado no Km 606 da BR-040, pr\u00f3ximo a Congonhas. Durante a fiscaliza\u00e7\u00e3o, a PRF abordou a camionete com placas de Linhares-ES e solicitou os documentos do condutor. Ao realizar buscas pelo carro, os policiais constataram irregularidades, entre elas \u00e9 adultera\u00e7\u00e3o dos elementos identificadores e\u00a0que, tratava-se, de um outro ve\u00edculo, da mesma marca e modelo, emplacado em S\u00e3o Mateus &#8211; ES, para o qual constava uma queixa de roubo\/furto em 26 de setembro de 2019.<\/p>\n<p>Ao ser questionado pelos policiais, o motorista de 35 anos, residente em Ribeir\u00e3o das Neves, alegou que somente presta servi\u00e7o como motorista para uma empresa de loca\u00e7\u00e3o de ve\u00edculos, a qual lhe forneceu o ve\u00edculo para transporte dos passageiros, dois homens, ambos de 35 anos, que estavam retornando a Belo Horizonte ap\u00f3s presta\u00e7\u00e3o de servi\u00e7os em Juiz de Fora.<\/p>\n<p>Diante do fato, o condutor recebeu a voz de pris\u00e3o em flagrante por receber e utilizar documento falso. O mesmo foi conduzido para\u00a0Pol\u00edcia Judici\u00e1ria em Conselheiro Lafaiete-MG, junto com o ve\u00edculo e documento falso.<\/p>\n","protected":false},"excerpt":{"rendered":"<p>Nesse domingo (15), a Pol\u00edcia Rodovi\u00e1ria Federal (PRF), recuperou uma camionete que havia sido roubada no Esp\u00edrito Santo. Segundo informa\u00e7\u00f5es, o autom\u00f3vel foi localizado no Km 606 da BR-040, pr\u00f3ximo a Congonhas. Durante a fiscaliza\u00e7\u00e3o, a PRF abordou a camionete com placas de Linhares-ES e solicitou os documentos do condutor. Ao realizar buscas pelo carro, [&hellip;]<\/p>\n","protected":false},"author":96,"featured_media":156944,"comment_status":"closed","ping_status":"closed","sticky":false,"template":"","format":"standard","meta":{"footnotes":""},"categories":[436,252,439],"tags":[],"class_list":["post-156943","post","type-post","status-publish","format-standard","has-post-thumbnail","hentry","category-destaque-da-semana","category-regiao","category-ultima-hora"],"_links":{"self":[{"href":"https:\/\/diarioregionaldigital.com.br\/index.php?rest_route=\/wp\/v2\/posts\/156943","targetHints":{"allow":["GET"]}}],"collection":[{"href":"https:\/\/diarioregionaldigital.com.br\/index.php?rest_route=\/wp\/v2\/posts"}],"about":[{"href":"https:\/\/diarioregionaldigital.com.br\/index.php?rest_route=\/wp\/v2\/types\/post"}],"author":[{"embeddable":true,"href":"https:\/\/diarioregionaldigital.com.br\/index.php?rest_route=\/wp\/v2\/users\/96"}],"replies":[{"embeddable":true,"href":"https:\/\/diarioregionaldigital.com.br\/index.php?rest_route=%2Fwp%2Fv2%2Fcomments&post=156943"}],"version-history":[{"count":0,"href":"https:\/\/diarioregionaldigital.com.br\/index.php?rest_route=\/wp\/v2\/posts\/156943\/revisions"}],"wp:featuredmedia":[{"embeddable":true,"href":"https:\/\/diarioregionaldigital.com.br\/index.php?rest_route=\/wp\/v2\/media\/156944"}],"wp:attachment":[{"href":"https:\/\/diarioregionaldigital.com.br\/index.php?rest_route=%2Fwp%2Fv2%2Fmedia&parent=156943"}],"wp:term":[{"taxonomy":"category","embeddable":true,"href":"https:\/\/diarioregionaldigital.com.br\/index.php?rest_route=%2Fwp%2Fv2%2Fcategories&post=156943"},{"taxonomy":"post_tag","embeddable":true,"href":"https:\/\/diarioregionaldigital.com.br\/index.php?rest_route=%2Fwp%2Fv2%2Ftags&post=156943"}],"curies":[{"name":"wp","href":"https:\/\/api.w.org\/{rel}","templated":true}]}}