{"id":156941,"date":"2020-03-16T18:13:29","date_gmt":"2020-03-16T21:13:29","guid":{"rendered":"https:\/\/diarioregionaldigital.com.br\/?p=156941"},"modified":"2020-03-16T18:13:29","modified_gmt":"2020-03-16T21:13:29","slug":"ufjf-anuncia-suspensao-das-aulas","status":"publish","type":"post","link":"https:\/\/diarioregionaldigital.com.br\/?p=156941","title":{"rendered":"UFJF anuncia suspens\u00e3o das aulas"},"content":{"rendered":"<p><span style=\"font-weight: 400;\">A Universidade Federal de Juiz de Fora (UFJF), anunciou nessa noite de segunda-feira (16) atrav\u00e9s de uma rede social, a suspens\u00e3o preventiva das atividades acad\u00eamicas e administrativas, a partir desta ter\u00e7a-feira (17) em decorr\u00eancia da epidemia do Coronav\u00edrus.<\/span><\/p>\n<p><span style=\"font-weight: 400;\">A medida \u00e9 v\u00e1lida para os campus de Juiz de Fora e Governador Valadares. A decis\u00e3o foi tomada ap\u00f3s a confirma\u00e7\u00e3o de um segundo caso da doen\u00e7a.<\/span><\/p>\n","protected":false},"excerpt":{"rendered":"<p>A Universidade Federal de Juiz de Fora (UFJF), anunciou nessa noite de segunda-feira (16) atrav\u00e9s de uma rede social, a suspens\u00e3o preventiva das atividades acad\u00eamicas e administrativas, a partir desta ter\u00e7a-feira (17) em decorr\u00eancia da epidemia do Coronav\u00edrus. A medida \u00e9 v\u00e1lida para os campus de Juiz de Fora e Governador Valadares. A decis\u00e3o foi [&hellip;]<\/p>\n","protected":false},"author":96,"featured_media":155315,"comment_status":"closed","ping_status":"closed","sticky":false,"template":"","format":"standard","meta":{"footnotes":""},"categories":[253,436,440,439],"tags":[],"class_list":["post-156941","post","type-post","status-publish","format-standard","has-post-thumbnail","hentry","category-cidade","category-destaque-da-semana","category-destaques-do-dia","category-ultima-hora"],"_links":{"self":[{"href":"https:\/\/diarioregionaldigital.com.br\/index.php?rest_route=\/wp\/v2\/posts\/156941","targetHints":{"allow":["GET"]}}],"collection":[{"href":"https:\/\/diarioregionaldigital.com.br\/index.php?rest_route=\/wp\/v2\/posts"}],"about":[{"href":"https:\/\/diarioregionaldigital.com.br\/index.php?rest_route=\/wp\/v2\/types\/post"}],"author":[{"embeddable":true,"href":"https:\/\/diarioregionaldigital.com.br\/index.php?rest_route=\/wp\/v2\/users\/96"}],"replies":[{"embeddable":true,"href":"https:\/\/diarioregionaldigital.com.br\/index.php?rest_route=%2Fwp%2Fv2%2Fcomments&post=156941"}],"version-history":[{"count":0,"href":"https:\/\/diarioregionaldigital.com.br\/index.php?rest_route=\/wp\/v2\/posts\/156941\/revisions"}],"wp:featuredmedia":[{"embeddable":true,"href":"https:\/\/diarioregionaldigital.com.br\/index.php?rest_route=\/wp\/v2\/media\/155315"}],"wp:attachment":[{"href":"https:\/\/diarioregionaldigital.com.br\/index.php?rest_route=%2Fwp%2Fv2%2Fmedia&parent=156941"}],"wp:term":[{"taxonomy":"category","embeddable":true,"href":"https:\/\/diarioregionaldigital.com.br\/index.php?rest_route=%2Fwp%2Fv2%2Fcategories&post=156941"},{"taxonomy":"post_tag","embeddable":true,"href":"https:\/\/diarioregionaldigital.com.br\/index.php?rest_route=%2Fwp%2Fv2%2Ftags&post=156941"}],"curies":[{"name":"wp","href":"https:\/\/api.w.org\/{rel}","templated":true}]}}