{"id":156928,"date":"2020-03-16T17:36:03","date_gmt":"2020-03-16T20:36:03","guid":{"rendered":"https:\/\/diarioregionaldigital.com.br\/?p=156928"},"modified":"2020-03-16T17:40:34","modified_gmt":"2020-03-16T20:40:34","slug":"juiz-de-fora-tem-dois-casos-confirmados-do-covid-19","status":"publish","type":"post","link":"https:\/\/diarioregionaldigital.com.br\/?p=156928","title":{"rendered":"Juiz de Fora tem dois casos confirmados do Covid-19"},"content":{"rendered":"<p><span style=\"font-weight: 400;\">A Secretaria de Sa\u00fade de Estado da Sa\u00fade de Minas Gerais (Ses\/MG), divulgou nesta segunda-feira (16), o novo boletim epidemiol\u00f3gico da Coronav\u00edrus. Segundo o novo levantamento, Juiz de Fora tem dois casos confirmados: um idoso de 65 anos com hist\u00f3rico de viagem para os Estados Unidos e um homem de 30, o qual est\u00e1 sendo investigado se fez viagem pelo exterior.<\/span><\/p>\n<p><span style=\"font-weight: 400;\">Na compara\u00e7\u00e3o com o boletim divulgado no \u00faltimo s\u00e1bado (14), Juiz de Fora permanece com 11 casos suspeitos da doen\u00e7a e um foi descartado.<\/span><\/p>\n<p><span style=\"font-weight: 400;\">Quanto ao estado de Minas Gerais, houve aumento no total de casos do Coronav\u00edrus.\u00a0Segundo o boletim divulgado nesta segunda-feira, foram investigados 511 pacientes, sendo que 420 casos s\u00e3o considerados suspeitos,\u00a0 6 foram confirmados e 85 foram descartados. No levantamento de s\u00e1bado, a SES\/MG investigou um total de 386 pacientes, sendo que 297 eram suspeitos, 3 confirmados e 85 descartados.<\/span><\/p>\n<p>&nbsp;<\/p>\n","protected":false},"excerpt":{"rendered":"<p>A Secretaria de Sa\u00fade de Estado da Sa\u00fade de Minas Gerais (Ses\/MG), divulgou nesta segunda-feira (16), o novo boletim epidemiol\u00f3gico da Coronav\u00edrus. Segundo o novo levantamento, Juiz de Fora tem dois casos confirmados: um idoso de 65 anos com hist\u00f3rico de viagem para os Estados Unidos e um homem de 30, o qual est\u00e1 sendo [&hellip;]<\/p>\n","protected":false},"author":96,"featured_media":156929,"comment_status":"closed","ping_status":"closed","sticky":false,"template":"","format":"standard","meta":{"footnotes":""},"categories":[253,436,440,439],"tags":[],"class_list":["post-156928","post","type-post","status-publish","format-standard","has-post-thumbnail","hentry","category-cidade","category-destaque-da-semana","category-destaques-do-dia","category-ultima-hora"],"_links":{"self":[{"href":"https:\/\/diarioregionaldigital.com.br\/index.php?rest_route=\/wp\/v2\/posts\/156928","targetHints":{"allow":["GET"]}}],"collection":[{"href":"https:\/\/diarioregionaldigital.com.br\/index.php?rest_route=\/wp\/v2\/posts"}],"about":[{"href":"https:\/\/diarioregionaldigital.com.br\/index.php?rest_route=\/wp\/v2\/types\/post"}],"author":[{"embeddable":true,"href":"https:\/\/diarioregionaldigital.com.br\/index.php?rest_route=\/wp\/v2\/users\/96"}],"replies":[{"embeddable":true,"href":"https:\/\/diarioregionaldigital.com.br\/index.php?rest_route=%2Fwp%2Fv2%2Fcomments&post=156928"}],"version-history":[{"count":0,"href":"https:\/\/diarioregionaldigital.com.br\/index.php?rest_route=\/wp\/v2\/posts\/156928\/revisions"}],"wp:featuredmedia":[{"embeddable":true,"href":"https:\/\/diarioregionaldigital.com.br\/index.php?rest_route=\/wp\/v2\/media\/156929"}],"wp:attachment":[{"href":"https:\/\/diarioregionaldigital.com.br\/index.php?rest_route=%2Fwp%2Fv2%2Fmedia&parent=156928"}],"wp:term":[{"taxonomy":"category","embeddable":true,"href":"https:\/\/diarioregionaldigital.com.br\/index.php?rest_route=%2Fwp%2Fv2%2Fcategories&post=156928"},{"taxonomy":"post_tag","embeddable":true,"href":"https:\/\/diarioregionaldigital.com.br\/index.php?rest_route=%2Fwp%2Fv2%2Ftags&post=156928"}],"curies":[{"name":"wp","href":"https:\/\/api.w.org\/{rel}","templated":true}]}}