{"id":156925,"date":"2020-03-16T16:52:48","date_gmt":"2020-03-16T19:52:48","guid":{"rendered":"https:\/\/diarioregionaldigital.com.br\/?p=156925"},"modified":"2020-03-16T16:52:48","modified_gmt":"2020-03-16T19:52:48","slug":"retroescavadeira-pega-fogo-em-maquinario-no-linhares","status":"publish","type":"post","link":"https:\/\/diarioregionaldigital.com.br\/?p=156925","title":{"rendered":"Retroescavadeira pega fogo em maquin\u00e1rio no Linhares"},"content":{"rendered":"<p>Uma retroescavadeira, contendo 400 litros de diesel, pegou fogo dentro da\u00a0empresa Pedreira Santo Cristo no Bairro Linhares (Regi\u00e3o Leste), nesta segunda-feira (16) em Juiz de Fora. O maquin\u00e1rio com dois tanques de combust\u00edvel, sendo cada um com capacidade de 600 litros \u00e9 de propriedade da empresa, que funciona na Rua Geraldino Monteiro da Silva. Segundo informa\u00e7\u00f5es do Corpo de Bombeiros, os funcion\u00e1rios tentaram controlar as chamas, no entanto n\u00e3o tiveram sucesso. Ao todo, tr\u00eas viaturas foram at\u00e9 o local e foi necess\u00e1rio a utiliza\u00e7\u00e3o de extintores com \u00e1gua e espuma para conter o inc\u00eandio.<\/p>\n<p>At\u00e9 ent\u00e3o n\u00e3o houve v\u00edtimas e n\u00e3o foi poss\u00edvel detectar a causa das chamas.<\/p>\n","protected":false},"excerpt":{"rendered":"<p>Uma retroescavadeira, contendo 400 litros de diesel, pegou fogo dentro da\u00a0empresa Pedreira Santo Cristo no Bairro Linhares (Regi\u00e3o Leste), nesta segunda-feira (16) em Juiz de Fora. O maquin\u00e1rio com dois tanques de combust\u00edvel, sendo cada um com capacidade de 600 litros \u00e9 de propriedade da empresa, que funciona na Rua Geraldino Monteiro da Silva. Segundo [&hellip;]<\/p>\n","protected":false},"author":96,"featured_media":156926,"comment_status":"closed","ping_status":"closed","sticky":false,"template":"","format":"standard","meta":{"footnotes":""},"categories":[253,436,439],"tags":[],"class_list":["post-156925","post","type-post","status-publish","format-standard","has-post-thumbnail","hentry","category-cidade","category-destaque-da-semana","category-ultima-hora"],"_links":{"self":[{"href":"https:\/\/diarioregionaldigital.com.br\/index.php?rest_route=\/wp\/v2\/posts\/156925","targetHints":{"allow":["GET"]}}],"collection":[{"href":"https:\/\/diarioregionaldigital.com.br\/index.php?rest_route=\/wp\/v2\/posts"}],"about":[{"href":"https:\/\/diarioregionaldigital.com.br\/index.php?rest_route=\/wp\/v2\/types\/post"}],"author":[{"embeddable":true,"href":"https:\/\/diarioregionaldigital.com.br\/index.php?rest_route=\/wp\/v2\/users\/96"}],"replies":[{"embeddable":true,"href":"https:\/\/diarioregionaldigital.com.br\/index.php?rest_route=%2Fwp%2Fv2%2Fcomments&post=156925"}],"version-history":[{"count":0,"href":"https:\/\/diarioregionaldigital.com.br\/index.php?rest_route=\/wp\/v2\/posts\/156925\/revisions"}],"wp:featuredmedia":[{"embeddable":true,"href":"https:\/\/diarioregionaldigital.com.br\/index.php?rest_route=\/wp\/v2\/media\/156926"}],"wp:attachment":[{"href":"https:\/\/diarioregionaldigital.com.br\/index.php?rest_route=%2Fwp%2Fv2%2Fmedia&parent=156925"}],"wp:term":[{"taxonomy":"category","embeddable":true,"href":"https:\/\/diarioregionaldigital.com.br\/index.php?rest_route=%2Fwp%2Fv2%2Fcategories&post=156925"},{"taxonomy":"post_tag","embeddable":true,"href":"https:\/\/diarioregionaldigital.com.br\/index.php?rest_route=%2Fwp%2Fv2%2Ftags&post=156925"}],"curies":[{"name":"wp","href":"https:\/\/api.w.org\/{rel}","templated":true}]}}