{"id":156922,"date":"2020-03-16T16:15:41","date_gmt":"2020-03-16T19:15:41","guid":{"rendered":"https:\/\/diarioregionaldigital.com.br\/?p=156922"},"modified":"2020-03-16T16:15:41","modified_gmt":"2020-03-16T19:15:41","slug":"brasil-garante-presenca-em-tres-categorias-olimpicas-do-taekwondo-100-bolsistas","status":"publish","type":"post","link":"https:\/\/diarioregionaldigital.com.br\/?p=156922","title":{"rendered":"Brasil garante presen\u00e7a em tr\u00eas categorias ol\u00edmpicas do taekwondo: 100% bolsistas"},"content":{"rendered":"<p><span style=\"font-weight: 400;\">O <\/span><span style=\"font-weight: 400;\">Brasil garantiu tr\u00eas atletas na disputa ol\u00edmpica do taekwondo. Na seletiva conclu\u00edda em Heredia, na Costa Rica, Milena Titoneli (-67kg) e \u00cdcaro Miguel (-80) se somaram a Edival Marques, o Netinho, que havia carimbado o passaporte na \u00faltima quarta (11). Talisca Reis (-49kg) chegou at\u00e9 a luta decisiva pela vaga, mas acabou derrotada.<\/span><\/p>\n<p><span style=\"font-weight: 400;\">Os quatro atletas s\u00e3o integrantes da Bolsa P\u00f3dio, categoria mais alta do Bolsa Atleta, programa da Secretaria Especial do Esporte do Minist\u00e9rio da Cidadania. O investimento federal anual no quarteto \u00e9 de R$ 624 mil anuais. Na modalidade como um todo, o Bolsa Atleta contempla 236 atletas ol\u00edmpicos (130 homens e 106 mulheres) e seis paral\u00edmpicos (quatro homens e duas mulheres), num investimento federal anual estimado em R$ 4,7 milh\u00f5es.<\/span><\/p>\n<p><span style=\"font-weight: 400;\">Com os resultados do taekwondo, o Brasil soma agora 174 atletas garantidos nos Jogos Ol\u00edmpicos de T\u00f3quio, em 19 modalidades. Dessas 174 vagas, 47 j\u00e1 t\u00eam nome e sobrenome (as demais ainda dependem de convoca\u00e7\u00e3o). Desse universo, 43 recebem o Bolsa Atleta, ou 91,5% do total. O investimento nesse grupo \u00e9 de R$ 5,62 milh\u00f5es em 12 meses.<\/span><\/p>\n<p><span style=\"font-weight: 400;\">Para conquistar a vaga, \u00cdcaro, que n\u00e3o tem a vis\u00e3o do olho direito, entrou direto nas quartas de final por ser o cabe\u00e7a de chave n\u00famero 1 da categoria -80kg (ele \u00e9 o quarto colocado no ranking ol\u00edmpico). Na estreia, contra Isiah Pollard, de Trinidad e Tobago, venceu por 22 x 6, com tranquilidade. Na semifinal, mais uma vit\u00f3ria sem sustos contra Miguel Ferrera, de Honduras, por 33 x 10. Com a disputa vale duas vagas, n\u00e3o h\u00e1 disputa da final.<\/span><\/p>\n<p>&nbsp;<\/p>\n<p><span style=\"font-weight: 400;\">&#8220;Vim para a competi\u00e7\u00e3o com vontade de fazer hist\u00f3ria e acho que em T\u00f3quio vem mais ainda. A gente j\u00e1 esperava um bom resultado, n\u00e3o s\u00f3 meu, mas de toda a equipe. Achei que a decis\u00e3o ia ser mais dura, mas depois que acertei um primeiro golpe a luta se desenvolveu bem e consegui ampliar o placar. J\u00e1 liguei em casa e avisei que podem comprar a passagem para torcer para mim em T\u00f3quio&#8221;, celebrou \u00cdcaro Miguel.<\/span><\/p>\n<p>&nbsp;<\/p>\n<p><span style=\"font-weight: 400;\">Milena Titoneli tamb\u00e9m come\u00e7ou a caminhada rumo a T\u00f3quio na segunda fase. Atual campe\u00e3 dos Jogos Pan-Americanos, a atleta de S\u00e3o Caetano (SP) mostrou o porqu\u00ea de estar entre as melhores do continente com uma vit\u00f3ria de 22 x 0 sobre a peruana Eliana Vasquez. Na luta decisiva, enfrentou a cubana Arlettys Acosta. Dominante na luta, a brasileira abriu 6 x 0 no in\u00edcio no terceiro round, mas Acosta conseguiu encostar no placar no \u00faltimo round, marcando tr\u00eas pontos. Nada que tirasse o controle de Milena. Ela derrotou a advers\u00e1ria por 7 x 5.<\/span><\/p>\n<p>&nbsp;<\/p>\n<p><span style=\"font-weight: 400;\">&#8220;Essa era a minha meta e estou feliz por estar classificada. Senti um pouco de nervosismo no in\u00edcio do dia, mas as coisas foram se encaixando e foi mais um passo na busca do meu sonho, que \u00e9 ser campe\u00e3 Ol\u00edmpica. A sensa\u00e7\u00e3o de vencer foi muito parecida com a medalha de bronze do Mundial e o ouro dos Jogos Pan-Americanos: \u00e9 indescrit\u00edvel. Chegar a uma Olimp\u00edada sempre foi o meu sonho&#8221;, disse Milena<\/span><\/p>\n<p>&nbsp;<\/p>\n<p><span style=\"font-weight: 400;\">J\u00e1 Talisca Reis come\u00e7ou com uma virada emocionante contra Monica Pimentel, de Aruba, depois de estar perdendo por 4 x 2. Faltando menos de 10 segundos para o fim do combate, ela virou a luta para 7 x 4 e garantiu a vaga na luta decisiva. Contra Victoria Stambauch, contudo, a brasileira acabou sofrendo nos minutos finais. Depois de abrir 3 x 0 no primeiro round, n\u00e3o conseguiu manter o ritmo e foi derrotada por 5 x 4.<\/span><\/p>\n<p>&nbsp;<\/p>\n<p><b>For\u00e7a tamb\u00e9m no paral\u00edmpico<\/b><\/p>\n<p><span style=\"font-weight: 400;\">Al\u00e9m das tr\u00eas vagas nos Jogos Ol\u00edmpicos, o Brasil tamb\u00e9m garantiu tr\u00eas atletas na estreia do taekwondo nos Jogos Paral\u00edmpicos de T\u00f3quio. A campe\u00e3 mundial D\u00e9bora Menezes (+58kg), al\u00e9m de Nathan Torquato (-61kg) e Silvana Fernandes (-58kg) ser\u00e3o os representantes nacionais. D\u00e9bora garantiu vaga pelo ranking mundial, por ser a vice-l\u00edder da listagem. Nathan e Silvana conquistaram a vaga no Pr\u00e9-Ol\u00edmpico tamb\u00e9m disputado em Heredia, na Costa Rica.<\/span><\/p>\n<p>&nbsp;<\/p>\n<p><b>Forma de disputa<\/b><\/p>\n<p><span style=\"font-weight: 400;\">Nos Jogos Ol\u00edmpicos de T\u00f3quio, o taekwondo ser\u00e1 disputado em quatro categorias no masculino e outras quatro no feminino. As lutas s\u00e3o disputadas em um tatame montado em formato de oct\u00f3gono, em tr\u00eas rounds de dois minutos, com um minuto de descanso entre cada parcial. O objetivo do esporte \u00e9 acertar chutes e socos no tronco e na cabe\u00e7a do oponente. T\u00e9cnicas mais avan\u00e7adas, como giros seguidos de chutes na cabe\u00e7a, valem mais pontos do que golpes mais b\u00e1sicos.<\/span><\/p>\n<p><span style=\"font-weight: 400;\">Todos os atletas atuam com protetores na cabe\u00e7a e no tronco, e a pontua\u00e7\u00e3o \u00e9 anotada por um sistema digital nas vestimentas que detecta o impacto dos golpes. Os ju\u00edzes posicionados ao lado da \u00e1rea de luta tamb\u00e9m conferem pontos adicionais aos atletas de acordo com as t\u00e9cnicas utilizadas.<\/span><\/p>\n<p><span style=\"font-weight: 400;\">No cronograma ol\u00edmpico, as disputas do taekwondo ser\u00e3o todas realizadas em dois dias: 25 e 26 de julho. O local ser\u00e1 o Makuhari Event Hall, um centro de conven\u00e7\u00f5es que ocupa uma \u00e1rea de 210 mil metros quadrados na prefeitura de Chiba. O local tamb\u00e9m receber\u00e1 as disputas da esgrima ol\u00edmpica e do goalball nas Paralimp\u00edadas. Para os eventos do taekwondo, o espa\u00e7o tem capacidade para dez mil torcedores.<\/span><\/p>\n<p>&nbsp;<\/p>\n<p><strong>Fonte:<\/strong>\u00a0Assessoria<\/p>\n","protected":false},"excerpt":{"rendered":"<p>O Brasil garantiu tr\u00eas atletas na disputa ol\u00edmpica do taekwondo. Na seletiva conclu\u00edda em Heredia, na Costa Rica, Milena Titoneli (-67kg) e \u00cdcaro Miguel (-80) se somaram a Edival Marques, o Netinho, que havia carimbado o passaporte na \u00faltima quarta (11). Talisca Reis (-49kg) chegou at\u00e9 a luta decisiva pela vaga, mas acabou derrotada. Os [&hellip;]<\/p>\n","protected":false},"author":96,"featured_media":156923,"comment_status":"closed","ping_status":"closed","sticky":false,"template":"","format":"standard","meta":{"footnotes":""},"categories":[436,257,439],"tags":[],"class_list":["post-156922","post","type-post","status-publish","format-standard","has-post-thumbnail","hentry","category-destaque-da-semana","category-esporte","category-ultima-hora"],"_links":{"self":[{"href":"https:\/\/diarioregionaldigital.com.br\/index.php?rest_route=\/wp\/v2\/posts\/156922","targetHints":{"allow":["GET"]}}],"collection":[{"href":"https:\/\/diarioregionaldigital.com.br\/index.php?rest_route=\/wp\/v2\/posts"}],"about":[{"href":"https:\/\/diarioregionaldigital.com.br\/index.php?rest_route=\/wp\/v2\/types\/post"}],"author":[{"embeddable":true,"href":"https:\/\/diarioregionaldigital.com.br\/index.php?rest_route=\/wp\/v2\/users\/96"}],"replies":[{"embeddable":true,"href":"https:\/\/diarioregionaldigital.com.br\/index.php?rest_route=%2Fwp%2Fv2%2Fcomments&post=156922"}],"version-history":[{"count":0,"href":"https:\/\/diarioregionaldigital.com.br\/index.php?rest_route=\/wp\/v2\/posts\/156922\/revisions"}],"wp:featuredmedia":[{"embeddable":true,"href":"https:\/\/diarioregionaldigital.com.br\/index.php?rest_route=\/wp\/v2\/media\/156923"}],"wp:attachment":[{"href":"https:\/\/diarioregionaldigital.com.br\/index.php?rest_route=%2Fwp%2Fv2%2Fmedia&parent=156922"}],"wp:term":[{"taxonomy":"category","embeddable":true,"href":"https:\/\/diarioregionaldigital.com.br\/index.php?rest_route=%2Fwp%2Fv2%2Fcategories&post=156922"},{"taxonomy":"post_tag","embeddable":true,"href":"https:\/\/diarioregionaldigital.com.br\/index.php?rest_route=%2Fwp%2Fv2%2Ftags&post=156922"}],"curies":[{"name":"wp","href":"https:\/\/api.w.org\/{rel}","templated":true}]}}