{"id":156920,"date":"2020-03-16T16:04:08","date_gmt":"2020-03-16T19:04:08","guid":{"rendered":"https:\/\/diarioregionaldigital.com.br\/?p=156920"},"modified":"2020-03-16T16:04:08","modified_gmt":"2020-03-16T19:04:08","slug":"homem-e-preso-por-agredir-vitima-a-facadas","status":"publish","type":"post","link":"https:\/\/diarioregionaldigital.com.br\/?p=156920","title":{"rendered":"Homem \u00e9 preso por agredir v\u00edtima a facadas"},"content":{"rendered":"<p><span style=\"font-weight: 400;\">Um homem de 31 anos foi preso pela Pol\u00edcia Militar (PM), por tentativa de matar v\u00edtima a facadas no Bairro Barreira do Triunfo (Regi\u00e3o Noroeste), em Juiz de Fora.\u00a0<\/span><\/p>\n<p><span style=\"font-weight: 400;\">Segundo informa\u00e7\u00f5es da PM, uma equipe atuava durante a Opera\u00e7\u00e3o Batida Policial, quando recebeu den\u00fancia de que um cidad\u00e3o havia sido agredido com facadas na Avenida Juscelino Kubitschek. Ao chegar no local, os policiais se depararam com a v\u00edtima ca\u00edda no ch\u00e3o e com um ferimento aberto na regi\u00e3o abdominal. A mesma foi socorrida pelo SAMU e encaminhada para o Hospital Pronto Socorro (HPS), onde deu entrada no Centro Cir\u00fargico inconsciente. At\u00e9 ent\u00e3o, n\u00e3o h\u00e1 informa\u00e7\u00f5es sobre seu estado de sa\u00fade.<\/span><\/p>\n<p><span style=\"font-weight: 400;\">\u00a0A v\u00edtima relatou \u00e0 PM que o autor do crime seria conhecido no meio policial. O mesmo foi localizado em sua resid\u00eancia e teve pris\u00e3o decretada e o infrator foi conduzido para \u00e0 Delegacia, junto com a faca utilizada no crime.<\/span><\/p>\n","protected":false},"excerpt":{"rendered":"<p>Um homem de 31 anos foi preso pela Pol\u00edcia Militar (PM), por tentativa de matar v\u00edtima a facadas no Bairro Barreira do Triunfo (Regi\u00e3o Noroeste), em Juiz de Fora.\u00a0 Segundo informa\u00e7\u00f5es da PM, uma equipe atuava durante a Opera\u00e7\u00e3o Batida Policial, quando recebeu den\u00fancia de que um cidad\u00e3o havia sido agredido com facadas na Avenida [&hellip;]<\/p>\n","protected":false},"author":96,"featured_media":97342,"comment_status":"closed","ping_status":"closed","sticky":false,"template":"","format":"standard","meta":{"footnotes":""},"categories":[301,436,439],"tags":[],"class_list":["post-156920","post","type-post","status-publish","format-standard","has-post-thumbnail","hentry","category-artigos-policiais","category-destaque-da-semana","category-ultima-hora"],"_links":{"self":[{"href":"https:\/\/diarioregionaldigital.com.br\/index.php?rest_route=\/wp\/v2\/posts\/156920","targetHints":{"allow":["GET"]}}],"collection":[{"href":"https:\/\/diarioregionaldigital.com.br\/index.php?rest_route=\/wp\/v2\/posts"}],"about":[{"href":"https:\/\/diarioregionaldigital.com.br\/index.php?rest_route=\/wp\/v2\/types\/post"}],"author":[{"embeddable":true,"href":"https:\/\/diarioregionaldigital.com.br\/index.php?rest_route=\/wp\/v2\/users\/96"}],"replies":[{"embeddable":true,"href":"https:\/\/diarioregionaldigital.com.br\/index.php?rest_route=%2Fwp%2Fv2%2Fcomments&post=156920"}],"version-history":[{"count":0,"href":"https:\/\/diarioregionaldigital.com.br\/index.php?rest_route=\/wp\/v2\/posts\/156920\/revisions"}],"wp:featuredmedia":[{"embeddable":true,"href":"https:\/\/diarioregionaldigital.com.br\/index.php?rest_route=\/wp\/v2\/media\/97342"}],"wp:attachment":[{"href":"https:\/\/diarioregionaldigital.com.br\/index.php?rest_route=%2Fwp%2Fv2%2Fmedia&parent=156920"}],"wp:term":[{"taxonomy":"category","embeddable":true,"href":"https:\/\/diarioregionaldigital.com.br\/index.php?rest_route=%2Fwp%2Fv2%2Fcategories&post=156920"},{"taxonomy":"post_tag","embeddable":true,"href":"https:\/\/diarioregionaldigital.com.br\/index.php?rest_route=%2Fwp%2Fv2%2Ftags&post=156920"}],"curies":[{"name":"wp","href":"https:\/\/api.w.org\/{rel}","templated":true}]}}