{"id":156914,"date":"2020-03-16T15:27:39","date_gmt":"2020-03-16T18:27:39","guid":{"rendered":"https:\/\/diarioregionaldigital.com.br\/?p=156914"},"modified":"2020-03-16T15:27:39","modified_gmt":"2020-03-16T18:27:39","slug":"campeonatos-carioca-e-mineiro-tem-suspensoes-preventivas","status":"publish","type":"post","link":"https:\/\/diarioregionaldigital.com.br\/?p=156914","title":{"rendered":"Campeonatos Carioca e Mineiro t\u00eam suspens\u00f5es preventivas"},"content":{"rendered":"<p><span style=\"font-weight: 400;\">Em reuni\u00e3o realizada nesta segunda-feira (16) com presidentes e representantes, a Federa\u00e7\u00e3o de Futebol do Estado do Rio de Janeiro (FERJ), anunciou que o Campeonato Carioca estar\u00e1 suspenso durante um per\u00edodo de 15 dias, assim como outros torneios organizados pela entidade, visando a preven\u00e7\u00e3o da epidemia do Covid-19.\u00a0<\/span><\/p>\n<p><span style=\"font-weight: 400;\">Houve unanimidade na decis\u00e3o final. Botafogo e Fluminense foram a favor da paralisa\u00e7\u00e3o desde o in\u00edcio. O Flamengo, representado pelo presidente Rodolfo Landim, inicialmente n\u00e3o queria a paralisa\u00e7\u00e3o, citou as consequ\u00eancias financeiras que podem ser acarretadas pela parada e recebeu at\u00e9 o apoio de alguns clubes pequenos, mas depois votou a favor.<\/span><\/p>\n<p><span style=\"font-weight: 400;\">Outra federa\u00e7\u00e3o que suspendeu seus respectivos campeonatos, foi a Federa\u00e7\u00e3o Mineira de Futebol (FMF). Atrav\u00e9s de um comunicado oficial, a entidade informa que a partir desta ter\u00e7a-feira (17), todos os jogos dos M\u00f3dulos I e II do Campeonato Mineiro, estar\u00e3o suspensos por tempo indeterminado.\u00a0<\/span><\/p>\n<p>&nbsp;<\/p>\n<p><b>CBF<\/b><\/p>\n<p><span style=\"font-weight: 400;\">Assim como as federa\u00e7\u00f5es estaduais, a Confedera\u00e7\u00e3o Brasileira de Futebol (CBF), tamb\u00e9m suspendeu todos os jogos das competi\u00e7\u00f5es em andamento, <\/span><span style=\"font-weight: 400;\">Copa do Brasil, Campeonatos Brasileiros Femininos A1 e A2, Campeonato Brasileiro Sub-17 e Copa do Brasil Sub-20, por tempo indeterminado.<\/span><\/p>\n<p><span style=\"font-weight: 400;\">Na \u00faltima sexta-feira (13), a entidade m\u00e1xima do futebol brasileiro anunciou cancelamento da convoca\u00e7\u00e3o da Sele\u00e7\u00e3o principal, referente \u00e0s duas primeiras rodadas da Copa do Mundo de 2022.\u00a0<\/span><\/p>\n<p>&nbsp;<\/p>\n<p><b>Futebol Internacional<\/b><\/p>\n<p><span style=\"font-weight: 400;\">A Associa\u00e7\u00e3o de Futebol da Europa (UEFA), vai realizar um videoconfer\u00eancia entre os 55 membros da entidade, <\/span><span style=\"font-weight: 400;\">os conselhos da Associa\u00e7\u00e3o Europeia de Clubes e Ligas Europeias e um representante do sindicato mundial de jogadores Fifpro, para discutir o futuro das competi\u00e7\u00f5es europeias.<\/span><\/p>\n<p><span style=\"font-weight: 400;\">Dentre eles, est\u00e1 a Euro 2020, sediada em 12 cidades-sedes em 12 pa\u00edses diferentes para celebrar o anivers\u00e1rio de 60 anos do torneio, que pode ser adiada para que os campeonatos nacionais possam ser finalizados. A competi\u00e7\u00e3o entre sele\u00e7\u00f5es est\u00e1 marcada para ocorrer do dia 12 de junho a 12 de julho.<\/span><\/p>\n<p><span style=\"font-weight: 400;\">Outra ideia a ser discutida no encontro \u00e9 a respeito da Liga dos Campe\u00f5es e Liga Europa. A entidade sugere realizar um mini-torneio, com todos os times classificados para as quartas de final, de ambos os torneios. O formato seria feito da seguinte forma; jogos das quartas de final e semifinais definidos em jogo \u00fanico e em campo neutro.\u00a0<\/span><\/p>\n<p><span style=\"font-weight: 400;\">Istambul (Turquia), sede da final da Liga dos Campe\u00f5es, receberia os jogos dessa competi\u00e7\u00e3o, enquanto Gdansk (Pol\u00f4nia), sede da final da Liga Europa, receberia, por sua vez, os duelos finais desse torneio.\u00a0<\/span><\/p>\n<p><span style=\"font-weight: 400;\">\u00a0<\/span><\/p>\n<p><span style=\"font-weight: 400;\">\u00a0<\/span><\/p>\n","protected":false},"excerpt":{"rendered":"<p>Em reuni\u00e3o realizada nesta segunda-feira (16) com presidentes e representantes, a Federa\u00e7\u00e3o de Futebol do Estado do Rio de Janeiro (FERJ), anunciou que o Campeonato Carioca estar\u00e1 suspenso durante um per\u00edodo de 15 dias, assim como outros torneios organizados pela entidade, visando a preven\u00e7\u00e3o da epidemia do Covid-19.\u00a0 Houve unanimidade na decis\u00e3o final. Botafogo e [&hellip;]<\/p>\n","protected":false},"author":96,"featured_media":156915,"comment_status":"closed","ping_status":"closed","sticky":false,"template":"","format":"standard","meta":{"footnotes":""},"categories":[436,257,439],"tags":[],"class_list":["post-156914","post","type-post","status-publish","format-standard","has-post-thumbnail","hentry","category-destaque-da-semana","category-esporte","category-ultima-hora"],"_links":{"self":[{"href":"https:\/\/diarioregionaldigital.com.br\/index.php?rest_route=\/wp\/v2\/posts\/156914","targetHints":{"allow":["GET"]}}],"collection":[{"href":"https:\/\/diarioregionaldigital.com.br\/index.php?rest_route=\/wp\/v2\/posts"}],"about":[{"href":"https:\/\/diarioregionaldigital.com.br\/index.php?rest_route=\/wp\/v2\/types\/post"}],"author":[{"embeddable":true,"href":"https:\/\/diarioregionaldigital.com.br\/index.php?rest_route=\/wp\/v2\/users\/96"}],"replies":[{"embeddable":true,"href":"https:\/\/diarioregionaldigital.com.br\/index.php?rest_route=%2Fwp%2Fv2%2Fcomments&post=156914"}],"version-history":[{"count":0,"href":"https:\/\/diarioregionaldigital.com.br\/index.php?rest_route=\/wp\/v2\/posts\/156914\/revisions"}],"wp:featuredmedia":[{"embeddable":true,"href":"https:\/\/diarioregionaldigital.com.br\/index.php?rest_route=\/wp\/v2\/media\/156915"}],"wp:attachment":[{"href":"https:\/\/diarioregionaldigital.com.br\/index.php?rest_route=%2Fwp%2Fv2%2Fmedia&parent=156914"}],"wp:term":[{"taxonomy":"category","embeddable":true,"href":"https:\/\/diarioregionaldigital.com.br\/index.php?rest_route=%2Fwp%2Fv2%2Fcategories&post=156914"},{"taxonomy":"post_tag","embeddable":true,"href":"https:\/\/diarioregionaldigital.com.br\/index.php?rest_route=%2Fwp%2Fv2%2Ftags&post=156914"}],"curies":[{"name":"wp","href":"https:\/\/api.w.org\/{rel}","templated":true}]}}