{"id":156911,"date":"2020-03-16T14:53:01","date_gmt":"2020-03-16T17:53:01","guid":{"rendered":"https:\/\/diarioregionaldigital.com.br\/?p=156911"},"modified":"2020-03-16T14:53:01","modified_gmt":"2020-03-16T17:53:01","slug":"wrestling-garante-tres-vagas-para-toquio-2020","status":"publish","type":"post","link":"https:\/\/diarioregionaldigital.com.br\/?p=156911","title":{"rendered":"Wrestling garante tr\u00eas vagas para T\u00f3quio 2020"},"content":{"rendered":"<p>Os atletas brasileiros tiveram boa atua\u00e7\u00e3o na Seletiva Pan-americana de wrestling realizada em Ottawa, no Canad\u00e1. A primeira vaga veio na estreia da competi\u00e7\u00e3o, na sexta-feira (13), com Eduard Soghomonyan que chegou a final da categoria at\u00e9 130kg do estilo greco-romano, a mais pesada da modalidade. No torneio, o lutador venceu o mexicano Luis Barrios por superioridade t\u00e9cnica (9 a 0) e na semifinal Moises Hellberg, da Venezuela, por encostamento, a\u00e7\u00e3o que encerra a luta instantaneamente. Arm\u00eanio de nascimento, Eduard vai disputar sua segunda edi\u00e7\u00e3o de Jogos Ol\u00edmpicos pelo Brasil.<\/p>\n<p>A disputa feminina teve in\u00edcio no s\u00e1bado (14), segundo dia da Seletiva Pan-americana, e Aline Silva, categoria at\u00e9 76kg e Lais Nunes at\u00e9 62kg atingiram a final em suas respectivas categorias e se classificaram para representar o Brasil em mais uma edi\u00e7\u00e3o de Jogos Ol\u00edmpicos. As atletas participaram do Rio 2016.<\/p>\n<p>Aline foi a primeira a garantir a vaga no dia. A lutadora estreou com um rev\u00e9s diante da campe\u00e3 ol\u00edmpica Erica Wiebe por 2 a 1. Depois, a paulista venceu a venezuelana Andrimar Diaz por encostamento e a cubana Milaimys Portrille por 3 a 1. Na luta da classifica\u00e7\u00e3o, Aline venceu a colombiana Andrea Olaya por 2 a 1 e garantiu a vaga. Erica Wiebe ficou com a outra vaga. J\u00e1 Lais fez 6 a 1 na canadense Michele Fazzari e 9 a 3 na dominicana Yessica Perez. No combate que valia a vaga, Lais fez 3 a 1 na venezuelana Nathaly Herrera e carimbou o passaporte para o Jap\u00e3o. A outra vaga ficou com a norte-americana Kayla Miracle.<\/p>\n<p>Os atletas que n\u00e3o conquistarem vaga na Seletiva Pan-americana ainda ter\u00e3o uma \u00faltima oportunidade na Seletiva Mundial. O torneio aconteceria em maio na Bulg\u00e1ria, mas em virtude da pandemia do coronav\u00edrus foi adiado e ainda n\u00e3o possui nova data. Como nas seletivas continentais, na competi\u00e7\u00e3o mundial os dois primeiros em cada categoria ol\u00edmpica ficar\u00e3o com as \u00faltimas vagas para T\u00f3quio.<\/p>\n<p>&nbsp;<\/p>\n<p><strong>Fonte:\u00a0<\/strong>COB<\/p>\n","protected":false},"excerpt":{"rendered":"<p>Os atletas brasileiros tiveram boa atua\u00e7\u00e3o na Seletiva Pan-americana de wrestling realizada em Ottawa, no Canad\u00e1. A primeira vaga veio na estreia da competi\u00e7\u00e3o, na sexta-feira (13), com Eduard Soghomonyan que chegou a final da categoria at\u00e9 130kg do estilo greco-romano, a mais pesada da modalidade. No torneio, o lutador venceu o mexicano Luis Barrios [&hellip;]<\/p>\n","protected":false},"author":96,"featured_media":156912,"comment_status":"closed","ping_status":"closed","sticky":false,"template":"","format":"standard","meta":{"footnotes":""},"categories":[436,257,439],"tags":[],"class_list":["post-156911","post","type-post","status-publish","format-standard","has-post-thumbnail","hentry","category-destaque-da-semana","category-esporte","category-ultima-hora"],"_links":{"self":[{"href":"https:\/\/diarioregionaldigital.com.br\/index.php?rest_route=\/wp\/v2\/posts\/156911","targetHints":{"allow":["GET"]}}],"collection":[{"href":"https:\/\/diarioregionaldigital.com.br\/index.php?rest_route=\/wp\/v2\/posts"}],"about":[{"href":"https:\/\/diarioregionaldigital.com.br\/index.php?rest_route=\/wp\/v2\/types\/post"}],"author":[{"embeddable":true,"href":"https:\/\/diarioregionaldigital.com.br\/index.php?rest_route=\/wp\/v2\/users\/96"}],"replies":[{"embeddable":true,"href":"https:\/\/diarioregionaldigital.com.br\/index.php?rest_route=%2Fwp%2Fv2%2Fcomments&post=156911"}],"version-history":[{"count":0,"href":"https:\/\/diarioregionaldigital.com.br\/index.php?rest_route=\/wp\/v2\/posts\/156911\/revisions"}],"wp:featuredmedia":[{"embeddable":true,"href":"https:\/\/diarioregionaldigital.com.br\/index.php?rest_route=\/wp\/v2\/media\/156912"}],"wp:attachment":[{"href":"https:\/\/diarioregionaldigital.com.br\/index.php?rest_route=%2Fwp%2Fv2%2Fmedia&parent=156911"}],"wp:term":[{"taxonomy":"category","embeddable":true,"href":"https:\/\/diarioregionaldigital.com.br\/index.php?rest_route=%2Fwp%2Fv2%2Fcategories&post=156911"},{"taxonomy":"post_tag","embeddable":true,"href":"https:\/\/diarioregionaldigital.com.br\/index.php?rest_route=%2Fwp%2Fv2%2Ftags&post=156911"}],"curies":[{"name":"wp","href":"https:\/\/api.w.org\/{rel}","templated":true}]}}