{"id":156908,"date":"2020-03-16T14:50:38","date_gmt":"2020-03-16T17:50:38","guid":{"rendered":"https:\/\/diarioregionaldigital.com.br\/?p=156908"},"modified":"2020-03-16T14:50:38","modified_gmt":"2020-03-16T17:50:38","slug":"camara-suspende-atividades-devido-ao-coronavirus","status":"publish","type":"post","link":"https:\/\/diarioregionaldigital.com.br\/?p=156908","title":{"rendered":"C\u00e2mara suspende atividades devido ao Coronav\u00edrus"},"content":{"rendered":"<p>A C\u00e2mara Municipal de Juiz de Fora informa que as reuni\u00f5es plen\u00e1rias do 3\u00ba per\u00edodo ordin\u00e1rio ser\u00e3o realizadas, mas sem a presen\u00e7a do p\u00fablico. Elas ser\u00e3o transmitidas pela JFTV C\u00e2mara, canal 35. Assim, as audi\u00eancias p\u00fablicas que seriam realizadas neste m\u00eas de mar\u00e7o est\u00e3o canceladas, bem como a Men\u00e7\u00e3o Honrosa, T\u00edtulos, reuni\u00f5es de Comiss\u00f5es, Mo\u00e7\u00f5es, Medalhas e Fiscaliza JF. Tamb\u00e9m paralisam os\u00a0 servi\u00e7os do Centro de Atendimento ao Cidad\u00e3o (CAC) como setor de identidade, Sedecon, certid\u00e3o de nascimento, casamento e \u00f3bito, al\u00e9m dos trabalhos do Tribunal Regional Eleitoral (TRE). Todas as atividades est\u00e3o suspensas, temporariamente, em decorr\u00eancia do Coronav\u00edrus. A decis\u00e3o foi tomada pelo presidente da Casa, vereador Luiz Ot\u00e1vio Fernandes Coelho &#8211; Pardal (PTC), na manh\u00e3 desta segunda-feira, 16, juntamente com o diretor jur\u00eddico, Lu\u00eds Alberto Santos Pinto; a diretora Legislativa, Maria Aparecida Fontes Cal; e o diretor Administrativo, Cloves Santos.<\/p>\n<p>A suspens\u00e3o segue orienta\u00e7\u00e3o da Organiza\u00e7\u00e3o Mundial de Sa\u00fade (OMS) de evitar aglomera\u00e7\u00f5es. \u201cPrecisamos preservar tanto os servidores quanto os cidad\u00e3os que aqui frequentam\u201d, disse Pardal. As atividades internas da C\u00e2mara est\u00e3o mantidas e ser\u00e3o constantemente avaliadas pela administra\u00e7\u00e3o, tudo com o intuito de evitar o cont\u00e1gio pelo novo Coronav\u00edrus.<\/p>\n<p>Seguindo a orienta\u00e7\u00e3o, os servidores da Casa com idade acima de 60 anos e dentro do grupo de risco, ou com enfermidades que podem torn\u00e1-los mais expostos a complica\u00e7\u00f5es decorrentes da COVID-19, entrar\u00e3o em sistema de trabalho home office (realizado da resid\u00eancia de cada um), para evitar cont\u00e1gio e agravamento do estado de sa\u00fade.<\/p>\n<p>A C\u00e2mara comunica ainda que reuni\u00f5es entre os diretores do legislativos ser\u00e3o feitas semanalmente, para avaliar os crit\u00e9rios de atendimento aos cidad\u00e3os, de modo que n\u00e3o haja riscos de contamina\u00e7\u00e3o.<\/p>\n<p>&nbsp;<\/p>\n<p><strong>Fonte:\u00a0<\/strong>Assessoria<\/p>\n","protected":false},"excerpt":{"rendered":"<p>A C\u00e2mara Municipal de Juiz de Fora informa que as reuni\u00f5es plen\u00e1rias do 3\u00ba per\u00edodo ordin\u00e1rio ser\u00e3o realizadas, mas sem a presen\u00e7a do p\u00fablico. Elas ser\u00e3o transmitidas pela JFTV C\u00e2mara, canal 35. Assim, as audi\u00eancias p\u00fablicas que seriam realizadas neste m\u00eas de mar\u00e7o est\u00e3o canceladas, bem como a Men\u00e7\u00e3o Honrosa, T\u00edtulos, reuni\u00f5es de Comiss\u00f5es, Mo\u00e7\u00f5es, [&hellip;]<\/p>\n","protected":false},"author":96,"featured_media":156909,"comment_status":"closed","ping_status":"closed","sticky":false,"template":"","format":"standard","meta":{"footnotes":""},"categories":[253,436,439],"tags":[],"class_list":["post-156908","post","type-post","status-publish","format-standard","has-post-thumbnail","hentry","category-cidade","category-destaque-da-semana","category-ultima-hora"],"_links":{"self":[{"href":"https:\/\/diarioregionaldigital.com.br\/index.php?rest_route=\/wp\/v2\/posts\/156908","targetHints":{"allow":["GET"]}}],"collection":[{"href":"https:\/\/diarioregionaldigital.com.br\/index.php?rest_route=\/wp\/v2\/posts"}],"about":[{"href":"https:\/\/diarioregionaldigital.com.br\/index.php?rest_route=\/wp\/v2\/types\/post"}],"author":[{"embeddable":true,"href":"https:\/\/diarioregionaldigital.com.br\/index.php?rest_route=\/wp\/v2\/users\/96"}],"replies":[{"embeddable":true,"href":"https:\/\/diarioregionaldigital.com.br\/index.php?rest_route=%2Fwp%2Fv2%2Fcomments&post=156908"}],"version-history":[{"count":0,"href":"https:\/\/diarioregionaldigital.com.br\/index.php?rest_route=\/wp\/v2\/posts\/156908\/revisions"}],"wp:featuredmedia":[{"embeddable":true,"href":"https:\/\/diarioregionaldigital.com.br\/index.php?rest_route=\/wp\/v2\/media\/156909"}],"wp:attachment":[{"href":"https:\/\/diarioregionaldigital.com.br\/index.php?rest_route=%2Fwp%2Fv2%2Fmedia&parent=156908"}],"wp:term":[{"taxonomy":"category","embeddable":true,"href":"https:\/\/diarioregionaldigital.com.br\/index.php?rest_route=%2Fwp%2Fv2%2Fcategories&post=156908"},{"taxonomy":"post_tag","embeddable":true,"href":"https:\/\/diarioregionaldigital.com.br\/index.php?rest_route=%2Fwp%2Fv2%2Ftags&post=156908"}],"curies":[{"name":"wp","href":"https:\/\/api.w.org\/{rel}","templated":true}]}}