{"id":156905,"date":"2020-03-16T14:47:27","date_gmt":"2020-03-16T17:47:27","guid":{"rendered":"https:\/\/diarioregionaldigital.com.br\/?p=156905"},"modified":"2020-03-16T14:47:27","modified_gmt":"2020-03-16T17:47:27","slug":"ciclista-e-atingida-por-condutor-embriagado-na-br-040","status":"publish","type":"post","link":"https:\/\/diarioregionaldigital.com.br\/?p=156905","title":{"rendered":"Ciclista \u00e9 atingida por condutor embriagado na BR-040"},"content":{"rendered":"<p>Uma ciclista de 51 anos, ficou ferida ap\u00f3s ser atingida por um ve\u00edculo, conduzido por um motorista embriagado, no Km 780 da BR-040, nesse domingo (15), pr\u00f3ximo \u00e0 Caxambu. A Pol\u00edcia Rodovi\u00e1ria Federal (PRF) foi acionada e se deslocou at\u00e9 o local. Os agentes perceberam que se tratava de uma colis\u00e3o entre o autom\u00f3vel e a bicicleta.<\/p>\n<p>A PRF realizou teste do baf\u00f4metro e foi constatado que o motorista apresentava sintomas de embriaguez. O teste mostrou que o mesmo ingeriu 1,08 miligramas de \u00e1lcool, valor acima do limite permitido no Art. 306 do C\u00f3digo de Tr\u00e2nsito Brasileiro (CTB).<\/p>\n<p>A ciclista foi atendida pela equipe de socorristas da concession\u00e1ria que administra a BR-040 e a mesma foi encaminhada para o Hospital Pronto Socorro (HPS) em Juiz de Fora. At\u00e9 ent\u00e3o o estado de sa\u00fade n\u00e3o foi divulgado.<\/p>\n<p>Por apresentar quantidade de \u00e1lcool acima do permitido, o motorista foi preso em flagrante e conduzido para \u00e0 Delegacia da Pol\u00edcia Civil, onde ser\u00e3o tomadas as devidas provid\u00eancias.<\/p>\n","protected":false},"excerpt":{"rendered":"<p>Uma ciclista de 51 anos, ficou ferida ap\u00f3s ser atingida por um ve\u00edculo, conduzido por um motorista embriagado, no Km 780 da BR-040, nesse domingo (15), pr\u00f3ximo \u00e0 Caxambu. A Pol\u00edcia Rodovi\u00e1ria Federal (PRF) foi acionada e se deslocou at\u00e9 o local. Os agentes perceberam que se tratava de uma colis\u00e3o entre o autom\u00f3vel e [&hellip;]<\/p>\n","protected":false},"author":96,"featured_media":156906,"comment_status":"closed","ping_status":"closed","sticky":false,"template":"","format":"standard","meta":{"footnotes":""},"categories":[436,440,252,439],"tags":[],"class_list":["post-156905","post","type-post","status-publish","format-standard","has-post-thumbnail","hentry","category-destaque-da-semana","category-destaques-do-dia","category-regiao","category-ultima-hora"],"_links":{"self":[{"href":"https:\/\/diarioregionaldigital.com.br\/index.php?rest_route=\/wp\/v2\/posts\/156905","targetHints":{"allow":["GET"]}}],"collection":[{"href":"https:\/\/diarioregionaldigital.com.br\/index.php?rest_route=\/wp\/v2\/posts"}],"about":[{"href":"https:\/\/diarioregionaldigital.com.br\/index.php?rest_route=\/wp\/v2\/types\/post"}],"author":[{"embeddable":true,"href":"https:\/\/diarioregionaldigital.com.br\/index.php?rest_route=\/wp\/v2\/users\/96"}],"replies":[{"embeddable":true,"href":"https:\/\/diarioregionaldigital.com.br\/index.php?rest_route=%2Fwp%2Fv2%2Fcomments&post=156905"}],"version-history":[{"count":0,"href":"https:\/\/diarioregionaldigital.com.br\/index.php?rest_route=\/wp\/v2\/posts\/156905\/revisions"}],"wp:featuredmedia":[{"embeddable":true,"href":"https:\/\/diarioregionaldigital.com.br\/index.php?rest_route=\/wp\/v2\/media\/156906"}],"wp:attachment":[{"href":"https:\/\/diarioregionaldigital.com.br\/index.php?rest_route=%2Fwp%2Fv2%2Fmedia&parent=156905"}],"wp:term":[{"taxonomy":"category","embeddable":true,"href":"https:\/\/diarioregionaldigital.com.br\/index.php?rest_route=%2Fwp%2Fv2%2Fcategories&post=156905"},{"taxonomy":"post_tag","embeddable":true,"href":"https:\/\/diarioregionaldigital.com.br\/index.php?rest_route=%2Fwp%2Fv2%2Ftags&post=156905"}],"curies":[{"name":"wp","href":"https:\/\/api.w.org\/{rel}","templated":true}]}}