{"id":156902,"date":"2020-03-16T14:45:32","date_gmt":"2020-03-16T17:45:32","guid":{"rendered":"https:\/\/diarioregionaldigital.com.br\/?p=156902"},"modified":"2020-03-16T14:45:32","modified_gmt":"2020-03-16T17:45:32","slug":"receita-paga-restituicoes-residuais-do-irpf-do-periodo-2008-2019","status":"publish","type":"post","link":"https:\/\/diarioregionaldigital.com.br\/?p=156902","title":{"rendered":"Receita paga restitui\u00e7\u00f5es residuais do IRPF do per\u00edodo 2008\/2019"},"content":{"rendered":"<p>O cr\u00e9dito banc\u00e1rio para 72.546 contribuintes do lote multiexerc\u00edcio de restitui\u00e7\u00e3o do Imposto de Renda Pessoa F\u00edsica (IRPF), contemplando restitui\u00e7\u00f5es residuais referentes aos exerc\u00edcios de 2008 a 2019, come\u00e7ou a ser feito nessa segunda-feira (16) pela Receita Federal.<\/p>\n<p>Ele totaliza R$ 240 milh\u00f5es. Desse valor, R$ 104,186 milh\u00f5es s\u00e3o para contribuintes com prioridade no recebimento: 1.848 idosos acima de 80 anos, 11.528 entre 60 e 79 anos, 1.621 contribuintes com alguma defici\u00eancia f\u00edsica ou mental ou doen\u00e7a grave e 5.667 contribuintes cuja maior fonte de renda seja o magist\u00e9rio.<\/p>\n<p>Para saber se teve a declara\u00e7\u00e3o liberada, o contribuinte dever\u00e1 acessar a p\u00e1gina da Receita na internet, ou ligar para o Receitafone 146. Na consulta \u00e0 p\u00e1gina da Receita, servi\u00e7o e-CAC, \u00e9 poss\u00edvel acessar o extrato da declara\u00e7\u00e3o e ver se h\u00e1 inconsist\u00eancias de dados identificadas pelo processamento. Nessa hip\u00f3tese, o contribuinte pode avaliar as inconsist\u00eancias e fazer a autorregulariza\u00e7\u00e3o, mediante entrega de declara\u00e7\u00e3o retificadora.<\/p>\n<p>A Receita disponibiliza ainda aplicativo para tablets e smartphones, que facilita a consulta \u00e0s declara\u00e7\u00f5es do IRPF e situa\u00e7\u00e3o cadastral no CPF. Com ele ser\u00e1 poss\u00edvel consultar diretamente nas bases da Receita Federal informa\u00e7\u00f5es sobre libera\u00e7\u00e3o das restitui\u00e7\u00f5es do IR e a situa\u00e7\u00e3o cadastral de uma inscri\u00e7\u00e3o no CPF.<\/p>\n<p>A restitui\u00e7\u00e3o ficar\u00e1 dispon\u00edvel no banco durante um ano. Se o contribuinte n\u00e3o fizer o resgate nesse prazo, dever\u00e1 fazer requerimento por meio da Internet, mediante o Formul\u00e1rio Eletr\u00f4nico &#8211; Pedido de Pagamento de Restitui\u00e7\u00e3o, ou diretamente no e-CAC, no servi\u00e7o Extrato do Processamento da DIRPF.<\/p>\n<p>Caso o valor n\u00e3o seja creditado, o contribuinte poder\u00e1 contactar pessoalmente qualquer ag\u00eancia do BB ou ligar para a Central de Atendimento por meio do telefone 4004-0001 (capitais), 0800-729-0001 (demais localidades) e 0800-729-0088 (telefone especial exclusivo para deficientes auditivos) para agendar o cr\u00e9dito em conta corrente ou poupan\u00e7a, em seu nome, em qualquer banco.<\/p>\n<p>&nbsp;<\/p>\n<p><strong>Fonte:\u00a0<\/strong>Ag\u00eancia Brasil<\/p>\n","protected":false},"excerpt":{"rendered":"<p>O cr\u00e9dito banc\u00e1rio para 72.546 contribuintes do lote multiexerc\u00edcio de restitui\u00e7\u00e3o do Imposto de Renda Pessoa F\u00edsica (IRPF), contemplando restitui\u00e7\u00f5es residuais referentes aos exerc\u00edcios de 2008 a 2019, come\u00e7ou a ser feito nessa segunda-feira (16) pela Receita Federal. Ele totaliza R$ 240 milh\u00f5es. Desse valor, R$ 104,186 milh\u00f5es s\u00e3o para contribuintes com prioridade no recebimento: [&hellip;]<\/p>\n","protected":false},"author":96,"featured_media":156903,"comment_status":"closed","ping_status":"closed","sticky":false,"template":"","format":"standard","meta":{"footnotes":""},"categories":[436,440,261,439],"tags":[],"class_list":["post-156902","post","type-post","status-publish","format-standard","has-post-thumbnail","hentry","category-destaque-da-semana","category-destaques-do-dia","category-economia","category-ultima-hora"],"_links":{"self":[{"href":"https:\/\/diarioregionaldigital.com.br\/index.php?rest_route=\/wp\/v2\/posts\/156902","targetHints":{"allow":["GET"]}}],"collection":[{"href":"https:\/\/diarioregionaldigital.com.br\/index.php?rest_route=\/wp\/v2\/posts"}],"about":[{"href":"https:\/\/diarioregionaldigital.com.br\/index.php?rest_route=\/wp\/v2\/types\/post"}],"author":[{"embeddable":true,"href":"https:\/\/diarioregionaldigital.com.br\/index.php?rest_route=\/wp\/v2\/users\/96"}],"replies":[{"embeddable":true,"href":"https:\/\/diarioregionaldigital.com.br\/index.php?rest_route=%2Fwp%2Fv2%2Fcomments&post=156902"}],"version-history":[{"count":0,"href":"https:\/\/diarioregionaldigital.com.br\/index.php?rest_route=\/wp\/v2\/posts\/156902\/revisions"}],"wp:featuredmedia":[{"embeddable":true,"href":"https:\/\/diarioregionaldigital.com.br\/index.php?rest_route=\/wp\/v2\/media\/156903"}],"wp:attachment":[{"href":"https:\/\/diarioregionaldigital.com.br\/index.php?rest_route=%2Fwp%2Fv2%2Fmedia&parent=156902"}],"wp:term":[{"taxonomy":"category","embeddable":true,"href":"https:\/\/diarioregionaldigital.com.br\/index.php?rest_route=%2Fwp%2Fv2%2Fcategories&post=156902"},{"taxonomy":"post_tag","embeddable":true,"href":"https:\/\/diarioregionaldigital.com.br\/index.php?rest_route=%2Fwp%2Fv2%2Ftags&post=156902"}],"curies":[{"name":"wp","href":"https:\/\/api.w.org\/{rel}","templated":true}]}}