{"id":156899,"date":"2020-03-16T14:44:00","date_gmt":"2020-03-16T17:44:00","guid":{"rendered":"https:\/\/diarioregionaldigital.com.br\/?p=156899"},"modified":"2020-03-16T14:44:00","modified_gmt":"2020-03-16T17:44:00","slug":"mercado-financeiro-reduz-estimativa-de-crescimento-da-economia-em-2020","status":"publish","type":"post","link":"https:\/\/diarioregionaldigital.com.br\/?p=156899","title":{"rendered":"Mercado financeiro reduz estimativa de crescimento da economia em 2020"},"content":{"rendered":"<p>Pela quinta semana seguida, institui\u00e7\u00f5es financeiras consultadas pelo Banco central (BC) reduziram a estimativa de crescimento da economia este ano. De acordo com o <em>boletim Focus<\/em>, a expans\u00e3o do Produto Interno Bruto (PIB) \u2013 a soma de todos os bens e servi\u00e7os produzidos no pa\u00eds \u2013 caiu de 1,99% para 1,68% em 2020.<\/p>\n<p>O boletim semanal do BC traz as proje\u00e7\u00f5es de institui\u00e7\u00f5es financeiras para os principais indicadores econ\u00f4micos nos pr\u00f3ximos anos. As previs\u00f5es do mercado para o PIB de 2021, 2022 e 2023 continuam em 2,50%.\u00a0\u00a0\u00a0\u00a0\u00a0\u00a0\u00a0\u00a0 J\u00e1 a cota\u00e7\u00e3o do d\u00f3lar deve fechar o ano em R$ 4,35. Para 2021, a expectativa \u00e9 que a moeda americana continue no patamar alto e encerre o ano em R$ 4,20.<\/p>\n<p><strong>Infla\u00e7\u00e3o<\/strong><\/p>\n<p>As institui\u00e7\u00f5es financeiras consultadas pelo BC tamb\u00e9m reduziram a previs\u00e3o para a infla\u00e7\u00e3o de 2020. A proje\u00e7\u00e3o para o \u00cdndice Nacional de Pre\u00e7os ao Consumidor Amplo (IPCA) \u2013 a infla\u00e7\u00e3o oficial do pa\u00eds \u2013 caiu de 3,20% para 3,10%.<\/p>\n<p>Para 2021, a estimativa de infla\u00e7\u00e3o tamb\u00e9m foi reduzida, de 3,75% para 3,65%. A previs\u00e3o para os anos seguintes, 2022 e 2023, n\u00e3o teve altera\u00e7\u00f5es e permanece em 3,50%.<\/p>\n<p>A proje\u00e7\u00e3o para 2020 est\u00e1 abaixo do centro da meta de infla\u00e7\u00e3o que deve ser perseguida pelo BC. A meta, definida pelo Conselho Monet\u00e1rio Nacional, \u00e9 de 4% em 2020, com intervalo de toler\u00e2ncia de 1,5 ponto percentual para cima ou para baixo. Para 2021, a meta \u00e9 3,75% e para 2022, 3,50%.<\/p>\n<p><strong>Selic<\/strong><\/p>\n<p>Para alcan\u00e7ar a meta de infla\u00e7\u00e3o, o Banco Central usa como principal instrumento a taxa b\u00e1sica de juros, a Selic, estabelecida atualmente em 4,25% ao ano pelo Comit\u00ea de Pol\u00edtica Monet\u00e1ria (Copom). Para o mercado financeiro, a expectativa \u00e9 que a Selic seja reduzida para 3,75% ao ano at\u00e9 o fim de 2020.<\/p>\n<p>Quando o Copom reduz a Selic, a tend\u00eancia \u00e9 que o cr\u00e9dito fique mais barato, com incentivo \u00e0 produ\u00e7\u00e3o e ao consumo, reduzindo o controle da infla\u00e7\u00e3o e estimulando a atividade econ\u00f4mica.<\/p>\n<p>Quando o Copom aumenta a taxa b\u00e1sica de juros, o objetivo \u00e9 conter a demanda aquecida, e isso causa reflexos nos pre\u00e7os porque os juros mais altos encarecem o cr\u00e9dito e estimulam a poupan\u00e7a. A manuten\u00e7\u00e3o da Selic indica que o Copom considera as altera\u00e7\u00f5es anteriores suficientes para atingir a meta de infla\u00e7\u00e3o.<\/p>\n<p>Para 2021, a expectativa \u00e9 que a taxa b\u00e1sica suba para 5,25% ao ano. Para 2022 e 2023, as institui\u00e7\u00f5es estimam que a Selic termine os per\u00edodos em 6% ao ano e 6,25 ao ano, respectivamente.<\/p>\n<p>&nbsp;<\/p>\n<p><strong>Fonte:\u00a0<\/strong>Ag\u00eancia Brasil<\/p>\n","protected":false},"excerpt":{"rendered":"<p>Pela quinta semana seguida, institui\u00e7\u00f5es financeiras consultadas pelo Banco central (BC) reduziram a estimativa de crescimento da economia este ano. De acordo com o boletim Focus, a expans\u00e3o do Produto Interno Bruto (PIB) \u2013 a soma de todos os bens e servi\u00e7os produzidos no pa\u00eds \u2013 caiu de 1,99% para 1,68% em 2020. O boletim [&hellip;]<\/p>\n","protected":false},"author":96,"featured_media":156900,"comment_status":"closed","ping_status":"closed","sticky":false,"template":"","format":"standard","meta":{"footnotes":""},"categories":[436,261,439],"tags":[],"class_list":["post-156899","post","type-post","status-publish","format-standard","has-post-thumbnail","hentry","category-destaque-da-semana","category-economia","category-ultima-hora"],"_links":{"self":[{"href":"https:\/\/diarioregionaldigital.com.br\/index.php?rest_route=\/wp\/v2\/posts\/156899","targetHints":{"allow":["GET"]}}],"collection":[{"href":"https:\/\/diarioregionaldigital.com.br\/index.php?rest_route=\/wp\/v2\/posts"}],"about":[{"href":"https:\/\/diarioregionaldigital.com.br\/index.php?rest_route=\/wp\/v2\/types\/post"}],"author":[{"embeddable":true,"href":"https:\/\/diarioregionaldigital.com.br\/index.php?rest_route=\/wp\/v2\/users\/96"}],"replies":[{"embeddable":true,"href":"https:\/\/diarioregionaldigital.com.br\/index.php?rest_route=%2Fwp%2Fv2%2Fcomments&post=156899"}],"version-history":[{"count":0,"href":"https:\/\/diarioregionaldigital.com.br\/index.php?rest_route=\/wp\/v2\/posts\/156899\/revisions"}],"wp:featuredmedia":[{"embeddable":true,"href":"https:\/\/diarioregionaldigital.com.br\/index.php?rest_route=\/wp\/v2\/media\/156900"}],"wp:attachment":[{"href":"https:\/\/diarioregionaldigital.com.br\/index.php?rest_route=%2Fwp%2Fv2%2Fmedia&parent=156899"}],"wp:term":[{"taxonomy":"category","embeddable":true,"href":"https:\/\/diarioregionaldigital.com.br\/index.php?rest_route=%2Fwp%2Fv2%2Fcategories&post=156899"},{"taxonomy":"post_tag","embeddable":true,"href":"https:\/\/diarioregionaldigital.com.br\/index.php?rest_route=%2Fwp%2Fv2%2Ftags&post=156899"}],"curies":[{"name":"wp","href":"https:\/\/api.w.org\/{rel}","templated":true}]}}