{"id":156864,"date":"2020-02-02T06:06:33","date_gmt":"2020-02-02T08:06:33","guid":{"rendered":"https:\/\/diarioregionaldigital.com.br\/?p=156864"},"modified":"2020-03-15T22:25:15","modified_gmt":"2020-03-16T01:25:15","slug":"o-estilo-de-billie-eilish","status":"publish","type":"post","link":"https:\/\/diarioregionaldigital.com.br\/?p=156864","title":{"rendered":"O ESTILO DE BILLIE EILISH"},"content":{"rendered":"<p><span style=\"font-size: 18pt;\">Billie Eilish tem sido o centro das aten\u00e7\u00f5es nos \u00faltimos dias: uma recordista do Grammy e a primeira mulher a ganhar as principais categorias! E al\u00e9m disso, \u00e9 uma refer\u00eancia quando o assunto \u00e9 moda.\u00a0Com um estilo super despojado, e bem urbano, Billie carrega alguns elementos f\u00e1ceis de copiar no nosso arm\u00e1rio!<\/span><\/p>\n<p><span style=\"font-size: 18pt;\"><a href=\"https:\/\/diarioregionaldigital.com.br\/wp-content\/uploads\/diarioregional_02-02-20.pdf\">Clique aqui para ler a coluna completa!<\/a><\/span><\/p>\n","protected":false},"excerpt":{"rendered":"<p>Billie Eilish tem sido o centro das aten\u00e7\u00f5es nos \u00faltimos dias: uma recordista do Grammy e a primeira mulher a ganhar as principais categorias! E al\u00e9m disso, \u00e9 uma refer\u00eancia quando o assunto \u00e9 moda.\u00a0Com um estilo super despojado, e bem urbano, Billie carrega alguns elementos f\u00e1ceis de copiar no nosso arm\u00e1rio! Clique aqui para [&hellip;]<\/p>\n","protected":false},"author":96,"featured_media":156865,"comment_status":"closed","ping_status":"closed","sticky":false,"template":"","format":"standard","meta":{"footnotes":""},"categories":[1228],"tags":[],"class_list":["post-156864","post","type-post","status-publish","format-standard","has-post-thumbnail","hentry","category-moda-deusiane-ladeira"],"_links":{"self":[{"href":"https:\/\/diarioregionaldigital.com.br\/index.php?rest_route=\/wp\/v2\/posts\/156864","targetHints":{"allow":["GET"]}}],"collection":[{"href":"https:\/\/diarioregionaldigital.com.br\/index.php?rest_route=\/wp\/v2\/posts"}],"about":[{"href":"https:\/\/diarioregionaldigital.com.br\/index.php?rest_route=\/wp\/v2\/types\/post"}],"author":[{"embeddable":true,"href":"https:\/\/diarioregionaldigital.com.br\/index.php?rest_route=\/wp\/v2\/users\/96"}],"replies":[{"embeddable":true,"href":"https:\/\/diarioregionaldigital.com.br\/index.php?rest_route=%2Fwp%2Fv2%2Fcomments&post=156864"}],"version-history":[{"count":0,"href":"https:\/\/diarioregionaldigital.com.br\/index.php?rest_route=\/wp\/v2\/posts\/156864\/revisions"}],"wp:featuredmedia":[{"embeddable":true,"href":"https:\/\/diarioregionaldigital.com.br\/index.php?rest_route=\/wp\/v2\/media\/156865"}],"wp:attachment":[{"href":"https:\/\/diarioregionaldigital.com.br\/index.php?rest_route=%2Fwp%2Fv2%2Fmedia&parent=156864"}],"wp:term":[{"taxonomy":"category","embeddable":true,"href":"https:\/\/diarioregionaldigital.com.br\/index.php?rest_route=%2Fwp%2Fv2%2Fcategories&post=156864"},{"taxonomy":"post_tag","embeddable":true,"href":"https:\/\/diarioregionaldigital.com.br\/index.php?rest_route=%2Fwp%2Fv2%2Ftags&post=156864"}],"curies":[{"name":"wp","href":"https:\/\/api.w.org\/{rel}","templated":true}]}}