{"id":156851,"date":"2020-01-19T06:00:30","date_gmt":"2020-01-19T08:00:30","guid":{"rendered":"https:\/\/diarioregionaldigital.com.br\/?p=156851"},"modified":"2020-03-15T21:35:32","modified_gmt":"2020-03-16T00:35:32","slug":"tapete-vermelho","status":"publish","type":"post","link":"https:\/\/diarioregionaldigital.com.br\/?p=156851","title":{"rendered":"TAPETE VERMELHO"},"content":{"rendered":"<p><span style=\"font-size: 18pt;\">Em janeiro aconteceram duas das maiores\u00a0premia\u00e7\u00f5es do cinema: o Globo de Ouro e o Critics&#8217; Choice Awards. Al\u00e9m disso, o maior evento que premia o cinema mundial est\u00e1 chegando! O Oscar 2020\u00a0acontece no dia 09 de fevereiro, e o momento \u00e9 perfeito para ficar de olho nos looks que j\u00e1 passaram pelas celebra\u00e7\u00f5es e conferir quais ser\u00e3o as maiores tend\u00eancias festivas para 2020!<\/span><\/p>\n<p><span style=\"font-size: 18pt;\"><a href=\"https:\/\/diarioregionaldigital.com.br\/wp-content\/uploads\/diarioregional_19-01-20.pdf\">Clique aqui para ler a coluna completa!<\/a><\/span><\/p>\n","protected":false},"excerpt":{"rendered":"<p>Em janeiro aconteceram duas das maiores\u00a0premia\u00e7\u00f5es do cinema: o Globo de Ouro e o Critics&#8217; Choice Awards. Al\u00e9m disso, o maior evento que premia o cinema mundial est\u00e1 chegando! O Oscar 2020\u00a0acontece no dia 09 de fevereiro, e o momento \u00e9 perfeito para ficar de olho nos looks que j\u00e1 passaram pelas celebra\u00e7\u00f5es e conferir [&hellip;]<\/p>\n","protected":false},"author":96,"featured_media":156852,"comment_status":"closed","ping_status":"closed","sticky":false,"template":"","format":"standard","meta":{"footnotes":""},"categories":[1228],"tags":[],"class_list":["post-156851","post","type-post","status-publish","format-standard","has-post-thumbnail","hentry","category-moda-deusiane-ladeira"],"_links":{"self":[{"href":"https:\/\/diarioregionaldigital.com.br\/index.php?rest_route=\/wp\/v2\/posts\/156851","targetHints":{"allow":["GET"]}}],"collection":[{"href":"https:\/\/diarioregionaldigital.com.br\/index.php?rest_route=\/wp\/v2\/posts"}],"about":[{"href":"https:\/\/diarioregionaldigital.com.br\/index.php?rest_route=\/wp\/v2\/types\/post"}],"author":[{"embeddable":true,"href":"https:\/\/diarioregionaldigital.com.br\/index.php?rest_route=\/wp\/v2\/users\/96"}],"replies":[{"embeddable":true,"href":"https:\/\/diarioregionaldigital.com.br\/index.php?rest_route=%2Fwp%2Fv2%2Fcomments&post=156851"}],"version-history":[{"count":0,"href":"https:\/\/diarioregionaldigital.com.br\/index.php?rest_route=\/wp\/v2\/posts\/156851\/revisions"}],"wp:featuredmedia":[{"embeddable":true,"href":"https:\/\/diarioregionaldigital.com.br\/index.php?rest_route=\/wp\/v2\/media\/156852"}],"wp:attachment":[{"href":"https:\/\/diarioregionaldigital.com.br\/index.php?rest_route=%2Fwp%2Fv2%2Fmedia&parent=156851"}],"wp:term":[{"taxonomy":"category","embeddable":true,"href":"https:\/\/diarioregionaldigital.com.br\/index.php?rest_route=%2Fwp%2Fv2%2Fcategories&post=156851"},{"taxonomy":"post_tag","embeddable":true,"href":"https:\/\/diarioregionaldigital.com.br\/index.php?rest_route=%2Fwp%2Fv2%2Ftags&post=156851"}],"curies":[{"name":"wp","href":"https:\/\/api.w.org\/{rel}","templated":true}]}}