{"id":156838,"date":"2019-12-29T06:00:44","date_gmt":"2019-12-29T08:00:44","guid":{"rendered":"https:\/\/diarioregionaldigital.com.br\/?p=156838"},"modified":"2020-03-15T20:37:06","modified_gmt":"2020-03-15T23:37:06","slug":"ferias-de-verao","status":"publish","type":"post","link":"https:\/\/diarioregionaldigital.com.br\/?p=156838","title":{"rendered":"F\u00c9RIAS DE VER\u00c3O"},"content":{"rendered":"<p><span style=\"font-size: 18pt;\">Junto com o novo\u00a0<\/span><span style=\"font-size: 18pt;\">ano, chegam tamb\u00e9m as\u00a0<\/span><span style=\"font-size: 18pt;\">f\u00e9rias de ver\u00e3o! A \u00e9poca\u00a0<\/span><span style=\"font-size: 18pt;\">favorita da maioria das\u00a0<\/span><span style=\"font-size: 18pt;\">brasileiras vem acompanhada\u00a0<\/span><span style=\"font-size: 18pt;\">de muito sol,\u00a0<\/span><span style=\"font-size: 18pt;\">piscina e praia. Al\u00e9m da\u00a0n\u00e9cessaire devidamente equipada, uma mala atualizada tamb\u00e9m faz a viagem ser muito mais interessante! Trends para colocar os p\u00e9s na estrada.<\/span><\/p>\n<p><span style=\"font-size: 18pt;\"><a href=\"https:\/\/diarioregionaldigital.com.br\/wp-content\/uploads\/diarioregional_29-12-19.pdf\">Clique aqui para ler a coluna completa!<\/a><\/span><\/p>\n","protected":false},"excerpt":{"rendered":"<p>Junto com o novo\u00a0ano, chegam tamb\u00e9m as\u00a0f\u00e9rias de ver\u00e3o! A \u00e9poca\u00a0favorita da maioria das\u00a0brasileiras vem acompanhada\u00a0de muito sol,\u00a0piscina e praia. Al\u00e9m da\u00a0n\u00e9cessaire devidamente equipada, uma mala atualizada tamb\u00e9m faz a viagem ser muito mais interessante! Trends para colocar os p\u00e9s na estrada. Clique aqui para ler a coluna completa!<\/p>\n","protected":false},"author":96,"featured_media":156840,"comment_status":"closed","ping_status":"closed","sticky":false,"template":"","format":"standard","meta":{"footnotes":""},"categories":[1228],"tags":[],"class_list":["post-156838","post","type-post","status-publish","format-standard","has-post-thumbnail","hentry","category-moda-deusiane-ladeira"],"_links":{"self":[{"href":"https:\/\/diarioregionaldigital.com.br\/index.php?rest_route=\/wp\/v2\/posts\/156838","targetHints":{"allow":["GET"]}}],"collection":[{"href":"https:\/\/diarioregionaldigital.com.br\/index.php?rest_route=\/wp\/v2\/posts"}],"about":[{"href":"https:\/\/diarioregionaldigital.com.br\/index.php?rest_route=\/wp\/v2\/types\/post"}],"author":[{"embeddable":true,"href":"https:\/\/diarioregionaldigital.com.br\/index.php?rest_route=\/wp\/v2\/users\/96"}],"replies":[{"embeddable":true,"href":"https:\/\/diarioregionaldigital.com.br\/index.php?rest_route=%2Fwp%2Fv2%2Fcomments&post=156838"}],"version-history":[{"count":0,"href":"https:\/\/diarioregionaldigital.com.br\/index.php?rest_route=\/wp\/v2\/posts\/156838\/revisions"}],"wp:featuredmedia":[{"embeddable":true,"href":"https:\/\/diarioregionaldigital.com.br\/index.php?rest_route=\/wp\/v2\/media\/156840"}],"wp:attachment":[{"href":"https:\/\/diarioregionaldigital.com.br\/index.php?rest_route=%2Fwp%2Fv2%2Fmedia&parent=156838"}],"wp:term":[{"taxonomy":"category","embeddable":true,"href":"https:\/\/diarioregionaldigital.com.br\/index.php?rest_route=%2Fwp%2Fv2%2Fcategories&post=156838"},{"taxonomy":"post_tag","embeddable":true,"href":"https:\/\/diarioregionaldigital.com.br\/index.php?rest_route=%2Fwp%2Fv2%2Ftags&post=156838"}],"curies":[{"name":"wp","href":"https:\/\/api.w.org\/{rel}","templated":true}]}}