{"id":156809,"date":"2020-03-15T06:00:01","date_gmt":"2020-03-15T09:00:01","guid":{"rendered":"https:\/\/diarioregionaldigital.com.br\/?p=156809"},"modified":"2020-03-13T20:32:21","modified_gmt":"2020-03-13T23:32:21","slug":"mulher","status":"publish","type":"post","link":"https:\/\/diarioregionaldigital.com.br\/?p=156809","title":{"rendered":"Mulher"},"content":{"rendered":"<p style=\"text-align: center;\"><strong>Sucesso Total<\/strong><\/p>\n<p style=\"text-align: center;\">Com o audit\u00f3rio superlotado, o Caf\u00e9 Parlamentar promovido pela Associa\u00e7\u00e3o Comercial e Empresarial de Juiz de Fora reuniu diversos segmentos da sociedade e todos os deputados estaduais e federais da cidade. Idealizando pelo presidente Alo\u00edsio Vasconcelos e tendo como mediador o novo diretor jur\u00eddico da ACEJF, Val\u00e9rio Ribeiro, os assuntos em pauta foram: Parque Tecnol\u00f3gico e Hospital Regional foram destaque nas falas do Reitor da UFJF, Marcos David e do prefeito Ant\u00f4nio Almas.<\/p>\n<p style=\"text-align: center;\"><strong>Moda Show<\/strong><\/p>\n<p style=\"text-align: center;\">Paris viveu dias de chamas com as principais tend\u00eancias da semana de moda francesa. Foi uma Fashion Week At\u00edpica. Nada de beijos no rosto e apertos de m\u00e3o. O medo do corona v\u00edrus era tanto que instalou-se o corona kiss jogando de longe. Na passarela, modelos fazendo car\u00e3o mostraram a moda da Chanel, Miuceia Prada, Dior, Balenciaga,Valentino e Miu-Miu.<\/p>\n<p style=\"text-align: center;\"><strong>Feijoada da Ascomcer<\/strong><\/p>\n<p style=\"text-align: center;\">Mobiliza\u00e7\u00e3o total no circuito social de Juiz de Fora para a tradicional Feijoada da Ascomcer. Ser\u00e1 no dia 21 de mar\u00e7o, \u00e1s 14hs, no Trade Hotel. Al\u00e9m da feijoada haver\u00e1 cantinho mineiro, sobremesas e o tom musical ser\u00e1 de Renan &amp; Cristiano, Grupo Virtude, Bateria do Ladeira, DJs Felipe Castro e Michael Santos, a cantora Wic Tavares e a bateria do Bloco S\u00f3 Love. Cobertura total deste colunista.<\/p>\n<p style=\"text-align: center;\"><strong>Mulher<\/strong><\/p>\n<p style=\"text-align: center;\">A CDL\/JF em comemora\u00e7\u00e3o ao M\u00eas da Mulher agendou belas palestras para o per\u00edodo do \u2018empoderamento feminino\u2019. No dia 17 a consultora Naili Virgilino far\u00e1 palestra sobre \u201cGest\u00e3o financeira para neg\u00f3cios\u201d. Para o dia 19, a executiva de vendas Fabiane Kling encerra a programa\u00e7\u00e3o de teor no empreendedorismo, com o tema \u201dLideran\u00e7a feminina\u201d.<\/p>\n<p style=\"text-align: center;\"><span style=\"font-size: 14pt;\"><strong>Para Refletir <\/strong><\/span><\/p>\n<p style=\"text-align: center;\">\u201cProcuro suportar todos os dias minha pr\u00f3pria personalidade renovada, despencando dentro de mim tudo que \u00e9 velho e morto\u201d (Cora-Coralina)<\/p>\n<div id=\"attachment_156800\" style=\"width: 690px\" class=\"wp-caption aligncenter\"><img loading=\"lazy\" decoding=\"async\" aria-describedby=\"caption-attachment-156800\" class=\"wp-image-156800\" src=\"https:\/\/diarioregionaldigital.com.br\/wp-content\/uploads\/fotoa-36-e1584141098174.jpg\" alt=\"\" width=\"680\" height=\"633\" srcset=\"https:\/\/diarioregionaldigital.com.br\/wp-content\/uploads\/fotoa-36-e1584141098174.jpg 1320w, https:\/\/diarioregionaldigital.com.br\/wp-content\/uploads\/fotoa-36-e1584141098174-300x279.jpg 300w, https:\/\/diarioregionaldigital.com.br\/wp-content\/uploads\/fotoa-36-e1584141098174-768x714.jpg 768w, https:\/\/diarioregionaldigital.com.br\/wp-content\/uploads\/fotoa-36-e1584141098174-1024x953.jpg 1024w, https:\/\/diarioregionaldigital.com.br\/wp-content\/uploads\/fotoa-36-e1584141098174-360x335.jpg 360w\" sizes=\"auto, (max-width: 680px) 100vw, 680px\" \/><p id=\"caption-attachment-156800\" class=\"wp-caption-text\">No M\u00eas Internacional da Mulher direto da Su\u00ed\u00e7a, o domingo \u00e9 da elegante juiz-forana Veralice Tam<\/p><\/div>\n<div id=\"attachment_156801\" style=\"width: 690px\" class=\"wp-caption aligncenter\"><img loading=\"lazy\" decoding=\"async\" aria-describedby=\"caption-attachment-156801\" class=\"wp-image-156801\" src=\"https:\/\/diarioregionaldigital.com.br\/wp-content\/uploads\/fotob-40-e1584141133773.jpg\" alt=\"\" width=\"680\" height=\"509\" srcset=\"https:\/\/diarioregionaldigital.com.br\/wp-content\/uploads\/fotob-40-e1584141133773.jpg 1642w, https:\/\/diarioregionaldigital.com.br\/wp-content\/uploads\/fotob-40-e1584141133773-300x224.jpg 300w, https:\/\/diarioregionaldigital.com.br\/wp-content\/uploads\/fotob-40-e1584141133773-768x574.jpg 768w, https:\/\/diarioregionaldigital.com.br\/wp-content\/uploads\/fotob-40-e1584141133773-1024x766.jpg 1024w, https:\/\/diarioregionaldigital.com.br\/wp-content\/uploads\/fotob-40-e1584141133773-360x269.jpg 360w\" sizes=\"auto, (max-width: 680px) 100vw, 680px\" \/><p id=\"caption-attachment-156801\" class=\"wp-caption-text\">O jovem empres\u00e1rio Rodrigo Bering, fazendo pit-stop em S\u00e3o Paulo, conferindo moda show para 4 five<\/p><\/div>\n<div id=\"attachment_156802\" style=\"width: 690px\" class=\"wp-caption aligncenter\"><img loading=\"lazy\" decoding=\"async\" aria-describedby=\"caption-attachment-156802\" class=\"wp-image-156802\" src=\"https:\/\/diarioregionaldigital.com.br\/wp-content\/uploads\/fotoc-37-e1584141177650.jpg\" alt=\"\" width=\"680\" height=\"484\" srcset=\"https:\/\/diarioregionaldigital.com.br\/wp-content\/uploads\/fotoc-37-e1584141177650.jpg 1690w, https:\/\/diarioregionaldigital.com.br\/wp-content\/uploads\/fotoc-37-e1584141177650-300x214.jpg 300w, https:\/\/diarioregionaldigital.com.br\/wp-content\/uploads\/fotoc-37-e1584141177650-768x547.jpg 768w, https:\/\/diarioregionaldigital.com.br\/wp-content\/uploads\/fotoc-37-e1584141177650-1024x730.jpg 1024w, https:\/\/diarioregionaldigital.com.br\/wp-content\/uploads\/fotoc-37-e1584141177650-360x256.jpg 360w, https:\/\/diarioregionaldigital.com.br\/wp-content\/uploads\/fotoc-37-e1584141177650-100x70.jpg 100w\" sizes=\"auto, (max-width: 680px) 100vw, 680px\" \/><p id=\"caption-attachment-156802\" class=\"wp-caption-text\">A elefante m\u00e9dica dermatologista V\u00e2nia Picininni Silva, destaque absoluta no M\u00eas da Mulher<\/p><\/div>\n<div id=\"attachment_156803\" style=\"width: 690px\" class=\"wp-caption aligncenter\"><img loading=\"lazy\" decoding=\"async\" aria-describedby=\"caption-attachment-156803\" class=\"wp-image-156803\" src=\"https:\/\/diarioregionaldigital.com.br\/wp-content\/uploads\/fotod-36.jpg\" alt=\"\" width=\"680\" height=\"451\" srcset=\"https:\/\/diarioregionaldigital.com.br\/wp-content\/uploads\/fotod-36.jpg 2376w, https:\/\/diarioregionaldigital.com.br\/wp-content\/uploads\/fotod-36-300x199.jpg 300w, https:\/\/diarioregionaldigital.com.br\/wp-content\/uploads\/fotod-36-768x509.jpg 768w, https:\/\/diarioregionaldigital.com.br\/wp-content\/uploads\/fotod-36-1024x679.jpg 1024w, https:\/\/diarioregionaldigital.com.br\/wp-content\/uploads\/fotod-36-360x239.jpg 360w\" sizes=\"auto, (max-width: 680px) 100vw, 680px\" \/><p id=\"caption-attachment-156803\" class=\"wp-caption-text\">Mulheres-rainha no brinde ao M\u00eas da Mulher, Ivanir Ferreira e a filha Regininha e a nora Edilaine Sampaio<\/p><\/div>\n<div id=\"attachment_156804\" style=\"width: 690px\" class=\"wp-caption aligncenter\"><img loading=\"lazy\" decoding=\"async\" aria-describedby=\"caption-attachment-156804\" class=\"wp-image-156804\" src=\"https:\/\/diarioregionaldigital.com.br\/wp-content\/uploads\/fotoe-34-e1584141226417.jpg\" alt=\"\" width=\"680\" height=\"492\" srcset=\"https:\/\/diarioregionaldigital.com.br\/wp-content\/uploads\/fotoe-34-e1584141226417.jpg 1677w, https:\/\/diarioregionaldigital.com.br\/wp-content\/uploads\/fotoe-34-e1584141226417-300x217.jpg 300w, https:\/\/diarioregionaldigital.com.br\/wp-content\/uploads\/fotoe-34-e1584141226417-768x556.jpg 768w, https:\/\/diarioregionaldigital.com.br\/wp-content\/uploads\/fotoe-34-e1584141226417-1024x741.jpg 1024w, https:\/\/diarioregionaldigital.com.br\/wp-content\/uploads\/fotoe-34-e1584141226417-360x260.jpg 360w\" sizes=\"auto, (max-width: 680px) 100vw, 680px\" \/><p id=\"caption-attachment-156804\" class=\"wp-caption-text\">Gente do sociedade em festa, Ol\u00edvia Ladeira, Denise Resende Myrliane Le\u00e3o, Dad\u00e1 Loyola e Alex Martins<\/p><\/div>\n<div id=\"attachment_156805\" style=\"width: 690px\" class=\"wp-caption aligncenter\"><img loading=\"lazy\" decoding=\"async\" aria-describedby=\"caption-attachment-156805\" class=\"wp-image-156805\" src=\"https:\/\/diarioregionaldigital.com.br\/wp-content\/uploads\/fotof-35.jpg\" alt=\"\" width=\"680\" height=\"457\" srcset=\"https:\/\/diarioregionaldigital.com.br\/wp-content\/uploads\/fotof-35.jpg 2328w, https:\/\/diarioregionaldigital.com.br\/wp-content\/uploads\/fotof-35-300x202.jpg 300w, https:\/\/diarioregionaldigital.com.br\/wp-content\/uploads\/fotof-35-768x516.jpg 768w, https:\/\/diarioregionaldigital.com.br\/wp-content\/uploads\/fotof-35-1024x688.jpg 1024w, https:\/\/diarioregionaldigital.com.br\/wp-content\/uploads\/fotof-35-360x242.jpg 360w\" sizes=\"auto, (max-width: 680px) 100vw, 680px\" \/><p id=\"caption-attachment-156805\" class=\"wp-caption-text\">Antenados no Maia Pub, Renata Santos Rosa Marllos Silva, Fl\u00e1vio Trivella, Marcela Miranda e Eduardo Saleme<\/p><\/div>\n<div id=\"attachment_156806\" style=\"width: 690px\" class=\"wp-caption aligncenter\"><img loading=\"lazy\" decoding=\"async\" aria-describedby=\"caption-attachment-156806\" class=\"wp-image-156806\" src=\"https:\/\/diarioregionaldigital.com.br\/wp-content\/uploads\/fotog-34.jpg\" alt=\"\" width=\"680\" height=\"444\" srcset=\"https:\/\/diarioregionaldigital.com.br\/wp-content\/uploads\/fotog-34.jpg 2340w, https:\/\/diarioregionaldigital.com.br\/wp-content\/uploads\/fotog-34-300x196.jpg 300w, https:\/\/diarioregionaldigital.com.br\/wp-content\/uploads\/fotog-34-768x501.jpg 768w, https:\/\/diarioregionaldigital.com.br\/wp-content\/uploads\/fotog-34-1024x669.jpg 1024w, https:\/\/diarioregionaldigital.com.br\/wp-content\/uploads\/fotog-34-360x235.jpg 360w\" sizes=\"auto, (max-width: 680px) 100vw, 680px\" \/><p id=\"caption-attachment-156806\" class=\"wp-caption-text\">Locomotivas do sosayte na Assunta Andrea Picorelli, Heliana Aglio, Wanda Magnolo e Silvana Paiva Pinto<\/p><\/div>\n<div id=\"attachment_156807\" style=\"width: 690px\" class=\"wp-caption aligncenter\"><img loading=\"lazy\" decoding=\"async\" aria-describedby=\"caption-attachment-156807\" class=\"wp-image-156807\" src=\"https:\/\/diarioregionaldigital.com.br\/wp-content\/uploads\/fotoh-28-e1584141272824.jpg\" alt=\"\" width=\"680\" height=\"506\" srcset=\"https:\/\/diarioregionaldigital.com.br\/wp-content\/uploads\/fotoh-28-e1584141272824.jpg 1587w, https:\/\/diarioregionaldigital.com.br\/wp-content\/uploads\/fotoh-28-e1584141272824-300x223.jpg 300w, https:\/\/diarioregionaldigital.com.br\/wp-content\/uploads\/fotoh-28-e1584141272824-768x572.jpg 768w, https:\/\/diarioregionaldigital.com.br\/wp-content\/uploads\/fotoh-28-e1584141272824-1024x763.jpg 1024w, https:\/\/diarioregionaldigital.com.br\/wp-content\/uploads\/fotoh-28-e1584141272824-360x268.jpg 360w\" sizes=\"auto, (max-width: 680px) 100vw, 680px\" \/><p id=\"caption-attachment-156807\" class=\"wp-caption-text\">Marcus Vinicius Valentim Padre Felipe de Castro (aniversariante de destaque da semana), Rose Oliveira e Monsenhor Falabella<\/p><\/div>\n<div id=\"attachment_156808\" style=\"width: 690px\" class=\"wp-caption aligncenter\"><img loading=\"lazy\" decoding=\"async\" aria-describedby=\"caption-attachment-156808\" class=\"wp-image-156808\" src=\"https:\/\/diarioregionaldigital.com.br\/wp-content\/uploads\/fotoi-33-e1584141341813.jpg\" alt=\"\" width=\"680\" height=\"497\" srcset=\"https:\/\/diarioregionaldigital.com.br\/wp-content\/uploads\/fotoi-33-e1584141341813.jpg 1754w, https:\/\/diarioregionaldigital.com.br\/wp-content\/uploads\/fotoi-33-e1584141341813-300x219.jpg 300w, https:\/\/diarioregionaldigital.com.br\/wp-content\/uploads\/fotoi-33-e1584141341813-768x561.jpg 768w, https:\/\/diarioregionaldigital.com.br\/wp-content\/uploads\/fotoi-33-e1584141341813-1024x748.jpg 1024w, https:\/\/diarioregionaldigital.com.br\/wp-content\/uploads\/fotoi-33-e1584141341813-360x263.jpg 360w\" sizes=\"auto, (max-width: 680px) 100vw, 680px\" \/><p id=\"caption-attachment-156808\" class=\"wp-caption-text\">Ilustres visitando esta p\u00e1gina deputada Sheila Oliveira, deputado Charlles Evangelista e o presidente do Sinteac S\u00e9rgio F\u00e9lix<\/p><\/div>\n<p style=\"text-align: center;\"><strong>FOTOSS\u00cdNTESE<\/strong><\/p>\n<p>Vin\u00edcius Gon\u00e7alves est\u00e1 contabilizando sucesso com o evento AFeira realizado no Experimetal Container. Foram mais de 40 expositores em v\u00e1rios segmentos<\/p>\n<p>O Museu de Arte Murilo Mendes (MAMM) est\u00e1 expondo 45 obras com o tema Grafia e M\u00faltiplos \u2013 Os Amigos da Gravura.<\/p>\n<p>Digna de todos os elogios, a Jornalista Daniela Arbex, venceu o Pr\u00eamio Trof\u00e9u Imprensa (categoria rep\u00f3rter investigativa), em promo\u00e7\u00e3o da \u201cRevista e portal Imprensa.\u201d Aplauso.<\/p>\n<p>A maior feira de eventos da regi\u00e3o \u00c9 Festa! ser\u00e1 realizado de 3 a 5 de abril no Trade Hotel e Eventos. Em cena estandes de op\u00e7\u00f5es de festas de 15 anos, formatura, casamento, infantis e eventos em geral.<\/p>\n<p>Lucy Brand\u00e3o e Murilio Hingel foram a loja Z\u00e9 Kodak para cumprimentar Jos\u00e9 Carlos Passos pelo seu anivers\u00e1rio. A noite Carlos Guedes abriu sua resid\u00eancia no Bandeirantes em torno do Marechal da Banda.<\/p>\n<p>Muito disciplinado, o fisioterapeuta Cristiano D\u2019\u00c1vila est\u00e1 sob o c\u00e9u de Birminghan. Ele est\u00e1 atendendo os atletas do Aston Villa Football Club.<\/p>\n<p>O Coronel Rodrigo Souza Rodrigues e o tenente-coronbel Fl\u00e1vio Godinho Pereira marcaram presen\u00e7a na Acispes durante os cursos regionalizados de Gest\u00e3o em Prote\u00e7\u00e3o e Defesa Civil e Sistema de Comando de Opera\u00e7\u00f5es.<\/p>\n<p>Com bonitas novidades em Jeans, a loja Bonjour agora est\u00e1 localizada na Galeria Solar, evidenciando o apurad\u00edssimo bom gosto de Ana Paula e Danielle Gervason.<\/p>\n<p>Em foco \u201cTriste \u00e9 a alma cheia de f\u00e9 que usa o erro do pr\u00f3ximo para destilar seu \u00f3dio\u201d Bom dia.<\/p>\n<p><img loading=\"lazy\" decoding=\"async\" class=\"aligncenter size-full wp-image-156810\" src=\"https:\/\/diarioregionaldigital.com.br\/wp-content\/uploads\/anuncio66.jpg\" alt=\"\" width=\"3528\" height=\"1332\" srcset=\"https:\/\/diarioregionaldigital.com.br\/wp-content\/uploads\/anuncio66.jpg 3528w, https:\/\/diarioregionaldigital.com.br\/wp-content\/uploads\/anuncio66-300x113.jpg 300w, https:\/\/diarioregionaldigital.com.br\/wp-content\/uploads\/anuncio66-768x290.jpg 768w, https:\/\/diarioregionaldigital.com.br\/wp-content\/uploads\/anuncio66-1024x387.jpg 1024w, https:\/\/diarioregionaldigital.com.br\/wp-content\/uploads\/anuncio66-360x136.jpg 360w\" sizes=\"auto, (max-width: 3528px) 100vw, 3528px\" \/><\/p>\n","protected":false},"excerpt":{"rendered":"<p>Sucesso Total Com o audit\u00f3rio superlotado, o Caf\u00e9 Parlamentar promovido pela Associa\u00e7\u00e3o Comercial e Empresarial de Juiz de Fora reuniu diversos segmentos da sociedade e todos os deputados estaduais e federais da cidade. Idealizando pelo presidente Alo\u00edsio Vasconcelos e tendo como mediador o novo diretor jur\u00eddico da ACEJF, Val\u00e9rio Ribeiro, os assuntos em pauta foram: [&hellip;]<\/p>\n","protected":false},"author":96,"featured_media":156802,"comment_status":"closed","ping_status":"closed","sticky":false,"template":"","format":"standard","meta":{"footnotes":""},"categories":[264],"tags":[],"class_list":["post-156809","post","type-post","status-publish","format-standard","has-post-thumbnail","hentry","category-eduardo-gomes"],"_links":{"self":[{"href":"https:\/\/diarioregionaldigital.com.br\/index.php?rest_route=\/wp\/v2\/posts\/156809","targetHints":{"allow":["GET"]}}],"collection":[{"href":"https:\/\/diarioregionaldigital.com.br\/index.php?rest_route=\/wp\/v2\/posts"}],"about":[{"href":"https:\/\/diarioregionaldigital.com.br\/index.php?rest_route=\/wp\/v2\/types\/post"}],"author":[{"embeddable":true,"href":"https:\/\/diarioregionaldigital.com.br\/index.php?rest_route=\/wp\/v2\/users\/96"}],"replies":[{"embeddable":true,"href":"https:\/\/diarioregionaldigital.com.br\/index.php?rest_route=%2Fwp%2Fv2%2Fcomments&post=156809"}],"version-history":[{"count":0,"href":"https:\/\/diarioregionaldigital.com.br\/index.php?rest_route=\/wp\/v2\/posts\/156809\/revisions"}],"wp:featuredmedia":[{"embeddable":true,"href":"https:\/\/diarioregionaldigital.com.br\/index.php?rest_route=\/wp\/v2\/media\/156802"}],"wp:attachment":[{"href":"https:\/\/diarioregionaldigital.com.br\/index.php?rest_route=%2Fwp%2Fv2%2Fmedia&parent=156809"}],"wp:term":[{"taxonomy":"category","embeddable":true,"href":"https:\/\/diarioregionaldigital.com.br\/index.php?rest_route=%2Fwp%2Fv2%2Fcategories&post=156809"},{"taxonomy":"post_tag","embeddable":true,"href":"https:\/\/diarioregionaldigital.com.br\/index.php?rest_route=%2Fwp%2Fv2%2Ftags&post=156809"}],"curies":[{"name":"wp","href":"https:\/\/api.w.org\/{rel}","templated":true}]}}