{"id":156794,"date":"2020-03-13T12:05:22","date_gmt":"2020-03-13T15:05:22","guid":{"rendered":"https:\/\/diarioregionaldigital.com.br\/?p=156794"},"modified":"2020-03-13T12:05:22","modified_gmt":"2020-03-13T15:05:22","slug":"formula-1-mais-duas-provas-sao-adiadas-em-decorrencia-do-coronavirus","status":"publish","type":"post","link":"https:\/\/diarioregionaldigital.com.br\/?p=156794","title":{"rendered":"F\u00f3rmula 1: mais duas provas s\u00e3o adiadas em decorr\u00eancia do Coronav\u00edrus"},"content":{"rendered":"<p>Horas depois da confirma\u00e7\u00e3o do cancelamento do Grande Pr\u00eamio da Austr\u00e1lia, a Federa\u00e7\u00e3o Internacional de Automobilismo (FIA), confirmou nesta sexta-feira (13), o adiamento de mais duas provas da temporada de 2020 da F\u00f3rmula 1, em decorr\u00eancia da epidemia do Coronav\u00edrus: Bahrein e Vietn\u00e3. A etapa barenita seria realizada no pr\u00f3ximo fim de semana dos dias 20, 21 e 22 deste m\u00eas. J\u00e1 a etapa do Vietn\u00e3, que faria sua estreia na F1, iria ser realizada no fim de semana dos dias 3, 4 e 5 de abril. Diante do surto do Coronav\u00edrus, o GP da China foi o primeiro a ser adiado, mas ainda sem data definida.<\/p>\n<p>Diante dos fatos, a temporada vai come\u00e7ar somente no m\u00eas de maio, per\u00edodo em que se inicia a tradicional temporada europeia, que contar\u00e1 com os GPs da Holanda, Espanha e M\u00f4naco. At\u00e9 o momento, os dirigentes da F1 e os membros da FIA, n\u00e3o comentaram sobre suspens\u00e3o do campeonato ou ajustes do calend\u00e1rio.<\/p>\n<p>Horas ap\u00f3s a confirma\u00e7\u00e3o do cancelamento do GP da Austr\u00e1lia, o Presidente da Liberty Media (dona dos direitos comerciais da F1), Chasey Carey, diz n\u00e3o ter conhecimento do que pode acontecer com as pr\u00f3ximas etapas da principal categoria do automobilismo mundial:<\/p>\n<p>&#8220;Neste momento, estamos tentando resolver os problemas da Austr\u00e1lia. Nos pr\u00f3ximos dias, vamos examinar as corridas que est\u00e3o mais pr\u00f3ximas, com o Barein e Vietn\u00e3. Em breve teremos novas decis\u00f5es e an\u00fancios sobre como vamos lidar com a situa\u00e7\u00e3o do nosso calend\u00e1rio em curto prazo. Sabemos que temos problemas para resolver. Todo mundo quer uma resposta. Adorar\u00edamos ter uma resposta. Mas acredito que n\u00e3o d\u00e1 para for\u00e7ar uma resposta agora para algo que voc\u00ea ainda n\u00e3o sabe como responder&#8221;.<\/p>\n","protected":false},"excerpt":{"rendered":"<p>Horas depois da confirma\u00e7\u00e3o do cancelamento do Grande Pr\u00eamio da Austr\u00e1lia, a Federa\u00e7\u00e3o Internacional de Automobilismo (FIA), confirmou nesta sexta-feira (13), o adiamento de mais duas provas da temporada de 2020 da F\u00f3rmula 1, em decorr\u00eancia da epidemia do Coronav\u00edrus: Bahrein e Vietn\u00e3. A etapa barenita seria realizada no pr\u00f3ximo fim de semana dos dias [&hellip;]<\/p>\n","protected":false},"author":96,"featured_media":156795,"comment_status":"closed","ping_status":"closed","sticky":false,"template":"","format":"standard","meta":{"footnotes":""},"categories":[436,257,439],"tags":[],"class_list":["post-156794","post","type-post","status-publish","format-standard","has-post-thumbnail","hentry","category-destaque-da-semana","category-esporte","category-ultima-hora"],"_links":{"self":[{"href":"https:\/\/diarioregionaldigital.com.br\/index.php?rest_route=\/wp\/v2\/posts\/156794","targetHints":{"allow":["GET"]}}],"collection":[{"href":"https:\/\/diarioregionaldigital.com.br\/index.php?rest_route=\/wp\/v2\/posts"}],"about":[{"href":"https:\/\/diarioregionaldigital.com.br\/index.php?rest_route=\/wp\/v2\/types\/post"}],"author":[{"embeddable":true,"href":"https:\/\/diarioregionaldigital.com.br\/index.php?rest_route=\/wp\/v2\/users\/96"}],"replies":[{"embeddable":true,"href":"https:\/\/diarioregionaldigital.com.br\/index.php?rest_route=%2Fwp%2Fv2%2Fcomments&post=156794"}],"version-history":[{"count":0,"href":"https:\/\/diarioregionaldigital.com.br\/index.php?rest_route=\/wp\/v2\/posts\/156794\/revisions"}],"wp:featuredmedia":[{"embeddable":true,"href":"https:\/\/diarioregionaldigital.com.br\/index.php?rest_route=\/wp\/v2\/media\/156795"}],"wp:attachment":[{"href":"https:\/\/diarioregionaldigital.com.br\/index.php?rest_route=%2Fwp%2Fv2%2Fmedia&parent=156794"}],"wp:term":[{"taxonomy":"category","embeddable":true,"href":"https:\/\/diarioregionaldigital.com.br\/index.php?rest_route=%2Fwp%2Fv2%2Fcategories&post=156794"},{"taxonomy":"post_tag","embeddable":true,"href":"https:\/\/diarioregionaldigital.com.br\/index.php?rest_route=%2Fwp%2Fv2%2Ftags&post=156794"}],"curies":[{"name":"wp","href":"https:\/\/api.w.org\/{rel}","templated":true}]}}