{"id":156791,"date":"2020-03-13T11:47:10","date_gmt":"2020-03-13T14:47:10","guid":{"rendered":"https:\/\/diarioregionaldigital.com.br\/?p=156791"},"modified":"2020-03-13T11:47:10","modified_gmt":"2020-03-13T14:47:10","slug":"acao-da-policia-militar-resulta-em-prisao-de-infratores-envolvidos-em-trafico-no-barbosa-lage","status":"publish","type":"post","link":"https:\/\/diarioregionaldigital.com.br\/?p=156791","title":{"rendered":"A\u00e7\u00e3o da Pol\u00edcia Militar resulta em pris\u00e3o de infratores envolvidos em tr\u00e1fico no Barbosa Lage"},"content":{"rendered":"<p><span style=\"font-weight: 400;\">A Pol\u00edcia Militar (PM), prendeu nessa quinta-feira (12), tr\u00eas autores envolvidos em tr\u00e1fico de drogas, nas imedia\u00e7\u00f5es de um supermercado no Bairro Barbosa Lage (Regi\u00e3o Noroeste) em Juiz de Fora.\u00a0<\/span><\/p>\n<p><span style=\"font-weight: 400;\">Ao receber as informa\u00e7\u00f5es sobre o com\u00e9rcio das drogas, os policiais foram at\u00e9 o local\u00a0 tiveram \u00eaxito em localizar e apreender os suspeitos. A PM encontrou R$ 98,00 em dinheiro, 60 comprimidos de ecstasy, tr\u00eas celulares, duas buchas de maconha, um ve\u00edculo e uma carteira, com dois cart\u00f5es de cr\u00e9dito\/d\u00e9bito e carteira de identidade.<\/span><\/p>\n<p><span style=\"font-weight: 400;\">Infratores conduzidos para \u00e0 Delegacia, junto com os materiais apreendidos, para devidas provid\u00eancias.\u00a0<\/span><\/p>\n","protected":false},"excerpt":{"rendered":"<p>A Pol\u00edcia Militar (PM), prendeu nessa quinta-feira (12), tr\u00eas autores envolvidos em tr\u00e1fico de drogas, nas imedia\u00e7\u00f5es de um supermercado no Bairro Barbosa Lage (Regi\u00e3o Noroeste) em Juiz de Fora.\u00a0 Ao receber as informa\u00e7\u00f5es sobre o com\u00e9rcio das drogas, os policiais foram at\u00e9 o local\u00a0 tiveram \u00eaxito em localizar e apreender os suspeitos. A PM [&hellip;]<\/p>\n","protected":false},"author":96,"featured_media":156792,"comment_status":"closed","ping_status":"closed","sticky":false,"template":"","format":"standard","meta":{"footnotes":""},"categories":[301,436,439],"tags":[],"class_list":["post-156791","post","type-post","status-publish","format-standard","has-post-thumbnail","hentry","category-artigos-policiais","category-destaque-da-semana","category-ultima-hora"],"_links":{"self":[{"href":"https:\/\/diarioregionaldigital.com.br\/index.php?rest_route=\/wp\/v2\/posts\/156791","targetHints":{"allow":["GET"]}}],"collection":[{"href":"https:\/\/diarioregionaldigital.com.br\/index.php?rest_route=\/wp\/v2\/posts"}],"about":[{"href":"https:\/\/diarioregionaldigital.com.br\/index.php?rest_route=\/wp\/v2\/types\/post"}],"author":[{"embeddable":true,"href":"https:\/\/diarioregionaldigital.com.br\/index.php?rest_route=\/wp\/v2\/users\/96"}],"replies":[{"embeddable":true,"href":"https:\/\/diarioregionaldigital.com.br\/index.php?rest_route=%2Fwp%2Fv2%2Fcomments&post=156791"}],"version-history":[{"count":0,"href":"https:\/\/diarioregionaldigital.com.br\/index.php?rest_route=\/wp\/v2\/posts\/156791\/revisions"}],"wp:featuredmedia":[{"embeddable":true,"href":"https:\/\/diarioregionaldigital.com.br\/index.php?rest_route=\/wp\/v2\/media\/156792"}],"wp:attachment":[{"href":"https:\/\/diarioregionaldigital.com.br\/index.php?rest_route=%2Fwp%2Fv2%2Fmedia&parent=156791"}],"wp:term":[{"taxonomy":"category","embeddable":true,"href":"https:\/\/diarioregionaldigital.com.br\/index.php?rest_route=%2Fwp%2Fv2%2Fcategories&post=156791"},{"taxonomy":"post_tag","embeddable":true,"href":"https:\/\/diarioregionaldigital.com.br\/index.php?rest_route=%2Fwp%2Fv2%2Ftags&post=156791"}],"curies":[{"name":"wp","href":"https:\/\/api.w.org\/{rel}","templated":true}]}}