{"id":156789,"date":"2020-03-13T11:40:30","date_gmt":"2020-03-13T14:40:30","guid":{"rendered":"https:\/\/diarioregionaldigital.com.br\/?p=156789"},"modified":"2020-03-13T11:40:30","modified_gmt":"2020-03-13T14:40:30","slug":"policia-civil-prende-suspeito-por-desmanche-de-veiculos-roubados","status":"publish","type":"post","link":"https:\/\/diarioregionaldigital.com.br\/?p=156789","title":{"rendered":"Pol\u00edcia Civil prende suspeito por desmanche de ve\u00edculos roubados"},"content":{"rendered":"<p><span style=\"font-weight: 400;\">A Pol\u00edcia Civil do Estado de Minas Gerais (PCMG), deflagrou nessa quinta-feira (12), a Opera\u00e7\u00e3o \u201cMerc\u00fario\u201d, que resultou na pris\u00e3o de um homem de 49 anos, por desmanche de ve\u00edculos roubados. Tamb\u00e9m ocorreu a apreens\u00e3o de um ve\u00edculo de luxo, blindado, pertencente ao investigado.\u00a0\u00a0<\/span><\/p>\n<p><span style=\"font-weight: 400;\">De acordo com o Titular da Delegacia Especializada de Repress\u00e3o a Roubos, Delegado Carlos Eduardo Santos Rodrigues, ap\u00f3s investiga\u00e7\u00f5es, policiais civis da Inspetoria Regional e da Delegacia Especializada chegaram at\u00e9 um endere\u00e7o, no Bairro Benfica (Regi\u00e3o Noroeste), onde funcionaria o com\u00e9rcio de pe\u00e7as de caminh\u00e3o. No local, os policiais encontraram um caminh\u00e3o, que havia sido roubado na cidade de Mogi das Cruzes, em S\u00e3o Paulo, no \u00faltimo dia 8 e o mesmo estava praticamente desmontado.\u00a0\u00a0<\/span><\/p>\n<p><span style=\"font-weight: 400;\">Durante as buscas pelo local, a PCMG localizou outras pe\u00e7as de caminh\u00f5es, sendo que uma das pe\u00e7as era um motor procedente de um ve\u00edculo roubado no m\u00eas de janeiro, em S\u00e3o Paulo. Os agentes encontraram, ainda, quatro cabines de caminh\u00e3o com sinais identificadores danificados.\u00a0\u00a0<\/span><\/p>\n<p><span style=\"font-weight: 400;\">Apura\u00e7\u00f5es tamb\u00e9m indicam a maneira de agir do suspeito.\u00a0 \u201cOs policiais civis constataram que os sinais identificadores dos ve\u00edculos eram suprimidos para dificultar o trabalho da Pol\u00edcia\u201d, explicou a autoridade policial respons\u00e1vel pelas investiga\u00e7\u00f5es, complementando que outras atitudes tamb\u00e9m teriam sido adotadas com esse objetivo.\u00a0<\/span><\/p>\n<p><span style=\"font-weight: 400;\">O homem teve a sua pris\u00e3o ratificada por recepta\u00e7\u00e3o e por adultera\u00e7\u00e3o de sinal identificador de ve\u00edculo. Ele foi encaminhado ao sistema prisional e se encontra \u00e0 disposi\u00e7\u00e3o da Justi\u00e7a. As investiga\u00e7\u00f5es prosseguem.<\/span><\/p>\n<p>&nbsp;<\/p>\n","protected":false},"excerpt":{"rendered":"<p>A Pol\u00edcia Civil do Estado de Minas Gerais (PCMG), deflagrou nessa quinta-feira (12), a Opera\u00e7\u00e3o \u201cMerc\u00fario\u201d, que resultou na pris\u00e3o de um homem de 49 anos, por desmanche de ve\u00edculos roubados. Tamb\u00e9m ocorreu a apreens\u00e3o de um ve\u00edculo de luxo, blindado, pertencente ao investigado.\u00a0\u00a0 De acordo com o Titular da Delegacia Especializada de Repress\u00e3o a [&hellip;]<\/p>\n","protected":false},"author":96,"featured_media":97342,"comment_status":"closed","ping_status":"closed","sticky":false,"template":"","format":"standard","meta":{"footnotes":""},"categories":[301,436,439],"tags":[],"class_list":["post-156789","post","type-post","status-publish","format-standard","has-post-thumbnail","hentry","category-artigos-policiais","category-destaque-da-semana","category-ultima-hora"],"_links":{"self":[{"href":"https:\/\/diarioregionaldigital.com.br\/index.php?rest_route=\/wp\/v2\/posts\/156789","targetHints":{"allow":["GET"]}}],"collection":[{"href":"https:\/\/diarioregionaldigital.com.br\/index.php?rest_route=\/wp\/v2\/posts"}],"about":[{"href":"https:\/\/diarioregionaldigital.com.br\/index.php?rest_route=\/wp\/v2\/types\/post"}],"author":[{"embeddable":true,"href":"https:\/\/diarioregionaldigital.com.br\/index.php?rest_route=\/wp\/v2\/users\/96"}],"replies":[{"embeddable":true,"href":"https:\/\/diarioregionaldigital.com.br\/index.php?rest_route=%2Fwp%2Fv2%2Fcomments&post=156789"}],"version-history":[{"count":0,"href":"https:\/\/diarioregionaldigital.com.br\/index.php?rest_route=\/wp\/v2\/posts\/156789\/revisions"}],"wp:featuredmedia":[{"embeddable":true,"href":"https:\/\/diarioregionaldigital.com.br\/index.php?rest_route=\/wp\/v2\/media\/97342"}],"wp:attachment":[{"href":"https:\/\/diarioregionaldigital.com.br\/index.php?rest_route=%2Fwp%2Fv2%2Fmedia&parent=156789"}],"wp:term":[{"taxonomy":"category","embeddable":true,"href":"https:\/\/diarioregionaldigital.com.br\/index.php?rest_route=%2Fwp%2Fv2%2Fcategories&post=156789"},{"taxonomy":"post_tag","embeddable":true,"href":"https:\/\/diarioregionaldigital.com.br\/index.php?rest_route=%2Fwp%2Fv2%2Ftags&post=156789"}],"curies":[{"name":"wp","href":"https:\/\/api.w.org\/{rel}","templated":true}]}}