{"id":156786,"date":"2020-03-13T11:31:29","date_gmt":"2020-03-13T14:31:29","guid":{"rendered":"https:\/\/diarioregionaldigital.com.br\/?p=156786"},"modified":"2020-03-13T11:31:29","modified_gmt":"2020-03-13T14:31:29","slug":"cinco-individuos-sao-presos-apos-tentativa-de-fuga-da-policia-militar","status":"publish","type":"post","link":"https:\/\/diarioregionaldigital.com.br\/?p=156786","title":{"rendered":"Cinco indiv\u00edduos s\u00e3o presos ap\u00f3s tentativa de fuga da Pol\u00edcia Militar"},"content":{"rendered":"<p><span style=\"font-weight: 400;\">A Pol\u00edcia Militar (PM), prendeu nessa noite de quinta-feira (12), cinco indiv\u00edduos por participa\u00e7\u00e3o em tr\u00e1fico de drogas, no Bairro Vila Ideal (Regi\u00e3o Leste) em Juiz de Fora. Dentre os apreendidos, quatro s\u00e3o menores de idade e o outro tinha 23 anos.<\/span><\/p>\n<p><span style=\"font-weight: 400;\">O caso ocorreu durante a Opera\u00e7\u00e3o Batida Policial, o qual as equipes da PM cercaram os becos do local, para evitar qualquer fuga dos suspeitos. Ao perceberem aproxima\u00e7\u00e3o dos policiais, os infratores fugiram do local, no entanto tr\u00eas deles foram alcan\u00e7ados.<\/span><\/p>\n<p><span style=\"font-weight: 400;\">Mais adiante, um outro menor tamb\u00e9m foi pego por desobedecer e n\u00e3o acatar as ordens policiais. Dando continuidade \u00e0s dilig\u00eancias, a PM localizou o \u00faltimo infrator, este estava dentro de uma resid\u00eancia e o mesmo armazenava p\u00e1ssaros de fauna silvestre.<\/span><\/p>\n<p><span style=\"font-weight: 400;\">Ao todo a PM apreendeu cinco pinos de coca\u00edna, seis buchas de maconha, R$ 1290,00 em dinheiro e cinco p\u00e1ssaros silvestres. Os infratores foram encaminhados para \u00e0 Delegacia, junto com os materiais apreendidos, para devidas provid\u00eancias.<\/span><\/p>\n","protected":false},"excerpt":{"rendered":"<p>A Pol\u00edcia Militar (PM), prendeu nessa noite de quinta-feira (12), cinco indiv\u00edduos por participa\u00e7\u00e3o em tr\u00e1fico de drogas, no Bairro Vila Ideal (Regi\u00e3o Leste) em Juiz de Fora. Dentre os apreendidos, quatro s\u00e3o menores de idade e o outro tinha 23 anos. O caso ocorreu durante a Opera\u00e7\u00e3o Batida Policial, o qual as equipes da [&hellip;]<\/p>\n","protected":false},"author":96,"featured_media":156787,"comment_status":"closed","ping_status":"closed","sticky":false,"template":"","format":"standard","meta":{"footnotes":""},"categories":[301,436,440,439],"tags":[],"class_list":["post-156786","post","type-post","status-publish","format-standard","has-post-thumbnail","hentry","category-artigos-policiais","category-destaque-da-semana","category-destaques-do-dia","category-ultima-hora"],"_links":{"self":[{"href":"https:\/\/diarioregionaldigital.com.br\/index.php?rest_route=\/wp\/v2\/posts\/156786","targetHints":{"allow":["GET"]}}],"collection":[{"href":"https:\/\/diarioregionaldigital.com.br\/index.php?rest_route=\/wp\/v2\/posts"}],"about":[{"href":"https:\/\/diarioregionaldigital.com.br\/index.php?rest_route=\/wp\/v2\/types\/post"}],"author":[{"embeddable":true,"href":"https:\/\/diarioregionaldigital.com.br\/index.php?rest_route=\/wp\/v2\/users\/96"}],"replies":[{"embeddable":true,"href":"https:\/\/diarioregionaldigital.com.br\/index.php?rest_route=%2Fwp%2Fv2%2Fcomments&post=156786"}],"version-history":[{"count":0,"href":"https:\/\/diarioregionaldigital.com.br\/index.php?rest_route=\/wp\/v2\/posts\/156786\/revisions"}],"wp:featuredmedia":[{"embeddable":true,"href":"https:\/\/diarioregionaldigital.com.br\/index.php?rest_route=\/wp\/v2\/media\/156787"}],"wp:attachment":[{"href":"https:\/\/diarioregionaldigital.com.br\/index.php?rest_route=%2Fwp%2Fv2%2Fmedia&parent=156786"}],"wp:term":[{"taxonomy":"category","embeddable":true,"href":"https:\/\/diarioregionaldigital.com.br\/index.php?rest_route=%2Fwp%2Fv2%2Fcategories&post=156786"},{"taxonomy":"post_tag","embeddable":true,"href":"https:\/\/diarioregionaldigital.com.br\/index.php?rest_route=%2Fwp%2Fv2%2Ftags&post=156786"}],"curies":[{"name":"wp","href":"https:\/\/api.w.org\/{rel}","templated":true}]}}