{"id":156771,"date":"2020-03-13T06:00:24","date_gmt":"2020-03-13T09:00:24","guid":{"rendered":"https:\/\/diarioregionaldigital.com.br\/?p=156771"},"modified":"2020-03-13T04:10:44","modified_gmt":"2020-03-13T07:10:44","slug":"gres-mocidade-independente-13-03-2020","status":"publish","type":"post","link":"https:\/\/diarioregionaldigital.com.br\/?p=156771","title":{"rendered":"GRES Mocidade Independente &#8211; 13\/03\/2020"},"content":{"rendered":"<p style=\"text-align: center;\">O GRES Mocidade Independente do Bairro Progresso, Atrav\u00e9s do seu presidente Marcos Aur\u00e9lio Feliz, convoca os associados com direito a voto conforme o art\u00b0 5\u00b0 letra \u201cA\u201d par\u00e1grafo 2 (dois) do estatuto para elei\u00e7\u00e3o da diretoria executiva, conselho fiscal e renova\u00e7\u00e3o de 1\/3 (um ter\u00e7o) do conselho deliberativo desta agremia\u00e7\u00e3o, no dia 25 de Mar\u00e7o de 2020 em 1\u00aa convoca\u00e7\u00e3o \u00e0s 20 horas com metade mais um dos votantes, e em 2\u00aa convoca\u00e7\u00e3o \u00e0s 20:30 horas com qualquer n\u00famero de votantes, a apresenta\u00e7\u00e3o das chapas ser\u00e3o recebidas das 18:00 horas \u00e0s 19:00 horas na quadra da agremia\u00e7\u00e3o no dia 25 de Mar\u00e7o de 2020.<\/p>\n<p style=\"text-align: center;\"><strong>Juiz de Fora, 13 de Mar\u00e7o de 2020<\/strong><\/p>\n","protected":false},"excerpt":{"rendered":"<p>O GRES Mocidade Independente do Bairro Progresso, Atrav\u00e9s do seu presidente Marcos Aur\u00e9lio Feliz, convoca os associados com direito a voto conforme o art\u00b0 5\u00b0 letra \u201cA\u201d par\u00e1grafo 2 (dois) do estatuto para elei\u00e7\u00e3o da diretoria executiva, conselho fiscal e renova\u00e7\u00e3o de 1\/3 (um ter\u00e7o) do conselho deliberativo desta agremia\u00e7\u00e3o, no dia 25 de Mar\u00e7o [&hellip;]<\/p>\n","protected":false},"author":96,"featured_media":0,"comment_status":"closed","ping_status":"closed","sticky":false,"template":"","format":"standard","meta":{"footnotes":""},"categories":[307],"tags":[],"class_list":["post-156771","post","type-post","status-publish","format-standard","hentry","category-editais"],"_links":{"self":[{"href":"https:\/\/diarioregionaldigital.com.br\/index.php?rest_route=\/wp\/v2\/posts\/156771","targetHints":{"allow":["GET"]}}],"collection":[{"href":"https:\/\/diarioregionaldigital.com.br\/index.php?rest_route=\/wp\/v2\/posts"}],"about":[{"href":"https:\/\/diarioregionaldigital.com.br\/index.php?rest_route=\/wp\/v2\/types\/post"}],"author":[{"embeddable":true,"href":"https:\/\/diarioregionaldigital.com.br\/index.php?rest_route=\/wp\/v2\/users\/96"}],"replies":[{"embeddable":true,"href":"https:\/\/diarioregionaldigital.com.br\/index.php?rest_route=%2Fwp%2Fv2%2Fcomments&post=156771"}],"version-history":[{"count":0,"href":"https:\/\/diarioregionaldigital.com.br\/index.php?rest_route=\/wp\/v2\/posts\/156771\/revisions"}],"wp:attachment":[{"href":"https:\/\/diarioregionaldigital.com.br\/index.php?rest_route=%2Fwp%2Fv2%2Fmedia&parent=156771"}],"wp:term":[{"taxonomy":"category","embeddable":true,"href":"https:\/\/diarioregionaldigital.com.br\/index.php?rest_route=%2Fwp%2Fv2%2Fcategories&post=156771"},{"taxonomy":"post_tag","embeddable":true,"href":"https:\/\/diarioregionaldigital.com.br\/index.php?rest_route=%2Fwp%2Fv2%2Ftags&post=156771"}],"curies":[{"name":"wp","href":"https:\/\/api.w.org\/{rel}","templated":true}]}}