{"id":156766,"date":"2020-03-13T06:00:57","date_gmt":"2020-03-13T09:00:57","guid":{"rendered":"https:\/\/diarioregionaldigital.com.br\/?p=156766"},"modified":"2020-03-13T04:07:57","modified_gmt":"2020-03-13T07:07:57","slug":"156766","status":"publish","type":"post","link":"https:\/\/diarioregionaldigital.com.br\/?p=156766","title":{"rendered":"S\u00f3 Love"},"content":{"rendered":"<p style=\"text-align: center;\"><strong>S\u00f3 Love<\/strong><\/p>\n<p style=\"text-align: center;\">Com o Terrazzo literalmente lotado, foi realizado com sucesso o baile da ressaca S\u00f3 Love. No palco, Nascimento, Samba de Colher, o Bloco S\u00f3 Love (arrepiou), Araketu e Monobloco. As fotos registram algumas presen\u00e7as.<\/p>\n<p style=\"text-align: center;\"><span style=\"font-size: 14pt;\"><strong>Para Refletir<\/strong><\/span><\/p>\n<p style=\"text-align: center;\">\u201cEle acreditava em anjo e porque acreditava, eles existiam\u201d (Clarice Lispector)<\/p>\n<div id=\"attachment_156707\" style=\"width: 690px\" class=\"wp-caption aligncenter\"><img loading=\"lazy\" decoding=\"async\" aria-describedby=\"caption-attachment-156707\" class=\"wp-image-156707\" src=\"https:\/\/diarioregionaldigital.com.br\/wp-content\/uploads\/fotoa-35-e1584082377999.jpg\" alt=\"\" width=\"680\" height=\"556\" srcset=\"https:\/\/diarioregionaldigital.com.br\/wp-content\/uploads\/fotoa-35-e1584082377999.jpg 1876w, https:\/\/diarioregionaldigital.com.br\/wp-content\/uploads\/fotoa-35-e1584082377999-300x245.jpg 300w, https:\/\/diarioregionaldigital.com.br\/wp-content\/uploads\/fotoa-35-e1584082377999-768x628.jpg 768w, https:\/\/diarioregionaldigital.com.br\/wp-content\/uploads\/fotoa-35-e1584082377999-1024x838.jpg 1024w, https:\/\/diarioregionaldigital.com.br\/wp-content\/uploads\/fotoa-35-e1584082377999-220x180.jpg 220w, https:\/\/diarioregionaldigital.com.br\/wp-content\/uploads\/fotoa-35-e1584082377999-360x295.jpg 360w\" sizes=\"auto, (max-width: 680px) 100vw, 680px\" \/><p id=\"caption-attachment-156707\" class=\"wp-caption-text\">Reinando no baile, a bonita Adriana Guedes<\/p><\/div>\n<div id=\"attachment_156710\" style=\"width: 690px\" class=\"wp-caption aligncenter\"><img loading=\"lazy\" decoding=\"async\" aria-describedby=\"caption-attachment-156710\" class=\"wp-image-156710\" src=\"https:\/\/diarioregionaldigital.com.br\/wp-content\/uploads\/fotob-39-e1584082441492.jpg\" alt=\"\" width=\"680\" height=\"505\" srcset=\"https:\/\/diarioregionaldigital.com.br\/wp-content\/uploads\/fotob-39-e1584082441492.jpg 1539w, https:\/\/diarioregionaldigital.com.br\/wp-content\/uploads\/fotob-39-e1584082441492-300x223.jpg 300w, https:\/\/diarioregionaldigital.com.br\/wp-content\/uploads\/fotob-39-e1584082441492-768x571.jpg 768w, https:\/\/diarioregionaldigital.com.br\/wp-content\/uploads\/fotob-39-e1584082441492-1024x761.jpg 1024w, https:\/\/diarioregionaldigital.com.br\/wp-content\/uploads\/fotob-39-e1584082441492-360x268.jpg 360w\" sizes=\"auto, (max-width: 680px) 100vw, 680px\" \/><p id=\"caption-attachment-156710\" class=\"wp-caption-text\">A Rainha do Bloco S\u00f3 Love Tassiane Agostinho e Eduardo Gomes, em cena amigos para sempre<\/p><\/div>\n<div id=\"attachment_156711\" style=\"width: 690px\" class=\"wp-caption aligncenter\"><img loading=\"lazy\" decoding=\"async\" aria-describedby=\"caption-attachment-156711\" class=\"wp-image-156711\" src=\"https:\/\/diarioregionaldigital.com.br\/wp-content\/uploads\/fotobb-13-e1584082474231.jpg\" alt=\"\" width=\"680\" height=\"527\" srcset=\"https:\/\/diarioregionaldigital.com.br\/wp-content\/uploads\/fotobb-13-e1584082474231.jpg 811w, https:\/\/diarioregionaldigital.com.br\/wp-content\/uploads\/fotobb-13-e1584082474231-300x232.jpg 300w, https:\/\/diarioregionaldigital.com.br\/wp-content\/uploads\/fotobb-13-e1584082474231-768x595.jpg 768w, https:\/\/diarioregionaldigital.com.br\/wp-content\/uploads\/fotobb-13-e1584082474231-360x279.jpg 360w\" sizes=\"auto, (max-width: 680px) 100vw, 680px\" \/><p id=\"caption-attachment-156711\" class=\"wp-caption-text\">A bonita Cristiane Milagres<\/p><\/div>\n<div id=\"attachment_156712\" style=\"width: 690px\" class=\"wp-caption aligncenter\"><img loading=\"lazy\" decoding=\"async\" aria-describedby=\"caption-attachment-156712\" class=\"wp-image-156712\" src=\"https:\/\/diarioregionaldigital.com.br\/wp-content\/uploads\/fotoc-36-e1584082519390.jpg\" alt=\"\" width=\"680\" height=\"569\" srcset=\"https:\/\/diarioregionaldigital.com.br\/wp-content\/uploads\/fotoc-36-e1584082519390.jpg 1659w, https:\/\/diarioregionaldigital.com.br\/wp-content\/uploads\/fotoc-36-e1584082519390-300x251.jpg 300w, https:\/\/diarioregionaldigital.com.br\/wp-content\/uploads\/fotoc-36-e1584082519390-768x643.jpg 768w, https:\/\/diarioregionaldigital.com.br\/wp-content\/uploads\/fotoc-36-e1584082519390-1024x857.jpg 1024w, https:\/\/diarioregionaldigital.com.br\/wp-content\/uploads\/fotoc-36-e1584082519390-360x301.jpg 360w\" sizes=\"auto, (max-width: 680px) 100vw, 680px\" \/><p id=\"caption-attachment-156712\" class=\"wp-caption-text\">As belas ritmistas da Bloco S\u00f3 Love, Erika Beire e N\u00e1dia Justi Arrasaram<\/p><\/div>\n<div id=\"attachment_156713\" style=\"width: 690px\" class=\"wp-caption aligncenter\"><img loading=\"lazy\" decoding=\"async\" aria-describedby=\"caption-attachment-156713\" class=\"wp-image-156713\" src=\"https:\/\/diarioregionaldigital.com.br\/wp-content\/uploads\/fotod-35.jpg\" alt=\"\" width=\"680\" height=\"451\" srcset=\"https:\/\/diarioregionaldigital.com.br\/wp-content\/uploads\/fotod-35.jpg 2556w, https:\/\/diarioregionaldigital.com.br\/wp-content\/uploads\/fotod-35-300x199.jpg 300w, https:\/\/diarioregionaldigital.com.br\/wp-content\/uploads\/fotod-35-768x510.jpg 768w, https:\/\/diarioregionaldigital.com.br\/wp-content\/uploads\/fotod-35-1024x679.jpg 1024w, https:\/\/diarioregionaldigital.com.br\/wp-content\/uploads\/fotod-35-360x239.jpg 360w\" sizes=\"auto, (max-width: 680px) 100vw, 680px\" \/><p id=\"caption-attachment-156713\" class=\"wp-caption-text\">Carolina Camargo e Bruno Schmitz<\/p><\/div>\n<div id=\"attachment_156714\" style=\"width: 690px\" class=\"wp-caption aligncenter\"><img loading=\"lazy\" decoding=\"async\" aria-describedby=\"caption-attachment-156714\" class=\"wp-image-156714\" src=\"https:\/\/diarioregionaldigital.com.br\/wp-content\/uploads\/fotoe-33-e1584082579843.jpg\" alt=\"\" width=\"680\" height=\"443\" srcset=\"https:\/\/diarioregionaldigital.com.br\/wp-content\/uploads\/fotoe-33-e1584082579843.jpg 2548w, https:\/\/diarioregionaldigital.com.br\/wp-content\/uploads\/fotoe-33-e1584082579843-300x195.jpg 300w, https:\/\/diarioregionaldigital.com.br\/wp-content\/uploads\/fotoe-33-e1584082579843-768x500.jpg 768w, https:\/\/diarioregionaldigital.com.br\/wp-content\/uploads\/fotoe-33-e1584082579843-1024x667.jpg 1024w, https:\/\/diarioregionaldigital.com.br\/wp-content\/uploads\/fotoe-33-e1584082579843-360x235.jpg 360w\" sizes=\"auto, (max-width: 680px) 100vw, 680px\" \/><p id=\"caption-attachment-156714\" class=\"wp-caption-text\">Mauro Lipp e Jorge J\u00fanior com Ursula Scavolini e Fabr\u00edcio Almeida<\/p><\/div>\n<div id=\"attachment_156715\" style=\"width: 690px\" class=\"wp-caption aligncenter\"><img loading=\"lazy\" decoding=\"async\" aria-describedby=\"caption-attachment-156715\" class=\"wp-image-156715\" src=\"https:\/\/diarioregionaldigital.com.br\/wp-content\/uploads\/fotof-34-e1584082619876.jpg\" alt=\"\" width=\"680\" height=\"532\" srcset=\"https:\/\/diarioregionaldigital.com.br\/wp-content\/uploads\/fotof-34-e1584082619876.jpg 1840w, https:\/\/diarioregionaldigital.com.br\/wp-content\/uploads\/fotof-34-e1584082619876-300x235.jpg 300w, https:\/\/diarioregionaldigital.com.br\/wp-content\/uploads\/fotof-34-e1584082619876-768x601.jpg 768w, https:\/\/diarioregionaldigital.com.br\/wp-content\/uploads\/fotof-34-e1584082619876-1024x801.jpg 1024w, https:\/\/diarioregionaldigital.com.br\/wp-content\/uploads\/fotof-34-e1584082619876-360x282.jpg 360w\" sizes=\"auto, (max-width: 680px) 100vw, 680px\" \/><p id=\"caption-attachment-156715\" class=\"wp-caption-text\">Thalita Belmiro e Guilherme Belmiro<\/p><\/div>\n<div id=\"attachment_156716\" style=\"width: 690px\" class=\"wp-caption aligncenter\"><img loading=\"lazy\" decoding=\"async\" aria-describedby=\"caption-attachment-156716\" class=\"wp-image-156716\" src=\"https:\/\/diarioregionaldigital.com.br\/wp-content\/uploads\/fotog-33.jpg\" alt=\"\" width=\"680\" height=\"443\" srcset=\"https:\/\/diarioregionaldigital.com.br\/wp-content\/uploads\/fotog-33.jpg 2736w, https:\/\/diarioregionaldigital.com.br\/wp-content\/uploads\/fotog-33-300x196.jpg 300w, https:\/\/diarioregionaldigital.com.br\/wp-content\/uploads\/fotog-33-768x501.jpg 768w, https:\/\/diarioregionaldigital.com.br\/wp-content\/uploads\/fotog-33-1024x668.jpg 1024w, https:\/\/diarioregionaldigital.com.br\/wp-content\/uploads\/fotog-33-360x235.jpg 360w\" sizes=\"auto, (max-width: 680px) 100vw, 680px\" \/><p id=\"caption-attachment-156716\" class=\"wp-caption-text\">Jos\u00e9 Fernando, Fabinho Esteves, Roberto C\u00e2ndido (Boizinho), Dida Sirimarco e Nelson J\u00fanior<\/p><\/div>\n<div id=\"attachment_156717\" style=\"width: 690px\" class=\"wp-caption aligncenter\"><img loading=\"lazy\" decoding=\"async\" aria-describedby=\"caption-attachment-156717\" class=\"wp-image-156717\" src=\"https:\/\/diarioregionaldigital.com.br\/wp-content\/uploads\/fotoh-27.jpg\" alt=\"\" width=\"680\" height=\"461\" srcset=\"https:\/\/diarioregionaldigital.com.br\/wp-content\/uploads\/fotoh-27.jpg 2520w, https:\/\/diarioregionaldigital.com.br\/wp-content\/uploads\/fotoh-27-300x203.jpg 300w, https:\/\/diarioregionaldigital.com.br\/wp-content\/uploads\/fotoh-27-768x521.jpg 768w, https:\/\/diarioregionaldigital.com.br\/wp-content\/uploads\/fotoh-27-1024x694.jpg 1024w, https:\/\/diarioregionaldigital.com.br\/wp-content\/uploads\/fotoh-27-360x244.jpg 360w\" sizes=\"auto, (max-width: 680px) 100vw, 680px\" \/><p id=\"caption-attachment-156717\" class=\"wp-caption-text\">\u00c2ngela Fellet, Eduardo Gomes, Fernanda Berion e Lidiane Stambassi<\/p><\/div>\n<div id=\"attachment_156719\" style=\"width: 690px\" class=\"wp-caption aligncenter\"><img loading=\"lazy\" decoding=\"async\" aria-describedby=\"caption-attachment-156719\" class=\"wp-image-156719\" src=\"https:\/\/diarioregionaldigital.com.br\/wp-content\/uploads\/fotoj-24.jpg\" alt=\"\" width=\"680\" height=\"474\" srcset=\"https:\/\/diarioregionaldigital.com.br\/wp-content\/uploads\/fotoj-24.jpg 2724w, https:\/\/diarioregionaldigital.com.br\/wp-content\/uploads\/fotoj-24-300x210.jpg 300w, https:\/\/diarioregionaldigital.com.br\/wp-content\/uploads\/fotoj-24-768x536.jpg 768w, https:\/\/diarioregionaldigital.com.br\/wp-content\/uploads\/fotoj-24-1024x714.jpg 1024w, https:\/\/diarioregionaldigital.com.br\/wp-content\/uploads\/fotoj-24-360x251.jpg 360w, https:\/\/diarioregionaldigital.com.br\/wp-content\/uploads\/fotoj-24-100x70.jpg 100w\" sizes=\"auto, (max-width: 680px) 100vw, 680px\" \/><p id=\"caption-attachment-156719\" class=\"wp-caption-text\">Fabinho Esteves, Ana Maria Munck, Isabela Lima (Pituxa) e Maria Clara Raposo<\/p><\/div>\n<div id=\"attachment_156720\" style=\"width: 690px\" class=\"wp-caption aligncenter\"><img loading=\"lazy\" decoding=\"async\" aria-describedby=\"caption-attachment-156720\" class=\"wp-image-156720\" src=\"https:\/\/diarioregionaldigital.com.br\/wp-content\/uploads\/fotol-8-e1584082742613.jpg\" alt=\"\" width=\"680\" height=\"508\" srcset=\"https:\/\/diarioregionaldigital.com.br\/wp-content\/uploads\/fotol-8-e1584082742613.jpg 1885w, https:\/\/diarioregionaldigital.com.br\/wp-content\/uploads\/fotol-8-e1584082742613-300x224.jpg 300w, https:\/\/diarioregionaldigital.com.br\/wp-content\/uploads\/fotol-8-e1584082742613-768x574.jpg 768w, https:\/\/diarioregionaldigital.com.br\/wp-content\/uploads\/fotol-8-e1584082742613-1024x765.jpg 1024w, https:\/\/diarioregionaldigital.com.br\/wp-content\/uploads\/fotol-8-e1584082742613-360x269.jpg 360w\" sizes=\"auto, (max-width: 680px) 100vw, 680px\" \/><p id=\"caption-attachment-156720\" class=\"wp-caption-text\">Carol Dalamura, Mestre Lana, a cantora Fl\u00e1via Viana e N\u00e1dia Justi<\/p><\/div>\n<div id=\"attachment_156721\" style=\"width: 690px\" class=\"wp-caption aligncenter\"><img loading=\"lazy\" decoding=\"async\" aria-describedby=\"caption-attachment-156721\" class=\"wp-image-156721\" src=\"https:\/\/diarioregionaldigital.com.br\/wp-content\/uploads\/fotom-5-e1584082793753.jpg\" alt=\"\" width=\"680\" height=\"513\" srcset=\"https:\/\/diarioregionaldigital.com.br\/wp-content\/uploads\/fotom-5-e1584082793753.jpg 1828w, https:\/\/diarioregionaldigital.com.br\/wp-content\/uploads\/fotom-5-e1584082793753-300x226.jpg 300w, https:\/\/diarioregionaldigital.com.br\/wp-content\/uploads\/fotom-5-e1584082793753-768x580.jpg 768w, https:\/\/diarioregionaldigital.com.br\/wp-content\/uploads\/fotom-5-e1584082793753-1024x773.jpg 1024w, https:\/\/diarioregionaldigital.com.br\/wp-content\/uploads\/fotom-5-e1584082793753-360x272.jpg 360w\" sizes=\"auto, (max-width: 680px) 100vw, 680px\" \/><p id=\"caption-attachment-156721\" class=\"wp-caption-text\">Eduardo Gomes e Ivanir Ferreira<\/p><\/div>\n<div id=\"attachment_156722\" style=\"width: 690px\" class=\"wp-caption aligncenter\"><img loading=\"lazy\" decoding=\"async\" aria-describedby=\"caption-attachment-156722\" class=\"wp-image-156722\" src=\"https:\/\/diarioregionaldigital.com.br\/wp-content\/uploads\/foton-3.jpg\" alt=\"\" width=\"680\" height=\"457\" srcset=\"https:\/\/diarioregionaldigital.com.br\/wp-content\/uploads\/foton-3.jpg 2844w, https:\/\/diarioregionaldigital.com.br\/wp-content\/uploads\/foton-3-300x202.jpg 300w, https:\/\/diarioregionaldigital.com.br\/wp-content\/uploads\/foton-3-768x516.jpg 768w, https:\/\/diarioregionaldigital.com.br\/wp-content\/uploads\/foton-3-1024x688.jpg 1024w, https:\/\/diarioregionaldigital.com.br\/wp-content\/uploads\/foton-3-360x242.jpg 360w\" sizes=\"auto, (max-width: 680px) 100vw, 680px\" \/><p id=\"caption-attachment-156722\" class=\"wp-caption-text\">Gra\u00e7a Silveira, Dodora Sirimarco, Sandra Cristina Silva, Fabinho Esteves, Michelli Castillo e Mari\u00e2ngela Maia Vasconcellos<\/p><\/div>\n<div id=\"attachment_156723\" style=\"width: 690px\" class=\"wp-caption aligncenter\"><img loading=\"lazy\" decoding=\"async\" aria-describedby=\"caption-attachment-156723\" class=\"wp-image-156723\" src=\"https:\/\/diarioregionaldigital.com.br\/wp-content\/uploads\/fotoo-2-e1584082834345.jpg\" alt=\"\" width=\"680\" height=\"452\" srcset=\"https:\/\/diarioregionaldigital.com.br\/wp-content\/uploads\/fotoo-2-e1584082834345.jpg 2514w, https:\/\/diarioregionaldigital.com.br\/wp-content\/uploads\/fotoo-2-e1584082834345-300x199.jpg 300w, https:\/\/diarioregionaldigital.com.br\/wp-content\/uploads\/fotoo-2-e1584082834345-768x510.jpg 768w, https:\/\/diarioregionaldigital.com.br\/wp-content\/uploads\/fotoo-2-e1584082834345-1024x681.jpg 1024w, https:\/\/diarioregionaldigital.com.br\/wp-content\/uploads\/fotoo-2-e1584082834345-360x239.jpg 360w\" sizes=\"auto, (max-width: 680px) 100vw, 680px\" \/><p id=\"caption-attachment-156723\" class=\"wp-caption-text\">Armando Jr. E Andrea Pereira, Yasmin Nascimento, Delma Esteves, Cleiton Mello, V\u00f4 Tonho, Fabinho Esteves, Bianca Oliveira, Thalita Belmiro e Lidiane Stambassi<\/p><\/div>\n<p><img loading=\"lazy\" decoding=\"async\" class=\"aligncenter size-full wp-image-156767\" src=\"https:\/\/diarioregionaldigital.com.br\/wp-content\/uploads\/anuncio21.jpg\" alt=\"\" width=\"3477\" height=\"1200\" srcset=\"https:\/\/diarioregionaldigital.com.br\/wp-content\/uploads\/anuncio21.jpg 3477w, https:\/\/diarioregionaldigital.com.br\/wp-content\/uploads\/anuncio21-300x104.jpg 300w, https:\/\/diarioregionaldigital.com.br\/wp-content\/uploads\/anuncio21-768x265.jpg 768w, https:\/\/diarioregionaldigital.com.br\/wp-content\/uploads\/anuncio21-1024x353.jpg 1024w, https:\/\/diarioregionaldigital.com.br\/wp-content\/uploads\/anuncio21-360x124.jpg 360w\" sizes=\"auto, (max-width: 3477px) 100vw, 3477px\" \/><\/p>\n","protected":false},"excerpt":{"rendered":"<p>S\u00f3 Love Com o Terrazzo literalmente lotado, foi realizado com sucesso o baile da ressaca S\u00f3 Love. No palco, Nascimento, Samba de Colher, o Bloco S\u00f3 Love (arrepiou), Araketu e Monobloco. As fotos registram algumas presen\u00e7as. Para Refletir \u201cEle acreditava em anjo e porque acreditava, eles existiam\u201d (Clarice Lispector)<\/p>\n","protected":false},"author":96,"featured_media":156707,"comment_status":"closed","ping_status":"closed","sticky":false,"template":"","format":"standard","meta":{"footnotes":""},"categories":[264],"tags":[],"class_list":["post-156766","post","type-post","status-publish","format-standard","has-post-thumbnail","hentry","category-eduardo-gomes"],"_links":{"self":[{"href":"https:\/\/diarioregionaldigital.com.br\/index.php?rest_route=\/wp\/v2\/posts\/156766","targetHints":{"allow":["GET"]}}],"collection":[{"href":"https:\/\/diarioregionaldigital.com.br\/index.php?rest_route=\/wp\/v2\/posts"}],"about":[{"href":"https:\/\/diarioregionaldigital.com.br\/index.php?rest_route=\/wp\/v2\/types\/post"}],"author":[{"embeddable":true,"href":"https:\/\/diarioregionaldigital.com.br\/index.php?rest_route=\/wp\/v2\/users\/96"}],"replies":[{"embeddable":true,"href":"https:\/\/diarioregionaldigital.com.br\/index.php?rest_route=%2Fwp%2Fv2%2Fcomments&post=156766"}],"version-history":[{"count":0,"href":"https:\/\/diarioregionaldigital.com.br\/index.php?rest_route=\/wp\/v2\/posts\/156766\/revisions"}],"wp:featuredmedia":[{"embeddable":true,"href":"https:\/\/diarioregionaldigital.com.br\/index.php?rest_route=\/wp\/v2\/media\/156707"}],"wp:attachment":[{"href":"https:\/\/diarioregionaldigital.com.br\/index.php?rest_route=%2Fwp%2Fv2%2Fmedia&parent=156766"}],"wp:term":[{"taxonomy":"category","embeddable":true,"href":"https:\/\/diarioregionaldigital.com.br\/index.php?rest_route=%2Fwp%2Fv2%2Fcategories&post=156766"},{"taxonomy":"post_tag","embeddable":true,"href":"https:\/\/diarioregionaldigital.com.br\/index.php?rest_route=%2Fwp%2Fv2%2Ftags&post=156766"}],"curies":[{"name":"wp","href":"https:\/\/api.w.org\/{rel}","templated":true}]}}