{"id":156759,"date":"2020-03-13T12:30:28","date_gmt":"2020-03-13T15:30:28","guid":{"rendered":"https:\/\/diarioregionaldigital.com.br\/?p=156759"},"modified":"2020-03-12T19:06:27","modified_gmt":"2020-03-12T22:06:27","slug":"tocha-olimpica-e-acesa-na-grecia-e-chega-ao-japao-no-dia-26-de-marco","status":"publish","type":"post","link":"https:\/\/diarioregionaldigital.com.br\/?p=156759","title":{"rendered":"Tocha Ol\u00edmpica \u00e9 acesa na Gr\u00e9cia e chega ao Jap\u00e3o no dia 26 de mar\u00e7o"},"content":{"rendered":"<p>A chama ol\u00edmpica foi acesa nessa semana, na cidade Ol\u00edmpia, na Gr\u00e9cia, o que marca o in\u00edcio da sua jornada para o Jap\u00e3o. Simbolizando paz e esperan\u00e7a, o fogo ol\u00edmpico vai viajar pelo Jap\u00e3o conclamando os valores Ol\u00edmpicos. A tradicional cerim\u00f4nia aconteceu perto do Templo de Hera e reafirmou a conex\u00e3o entre os jogos modernos e sua origem hist\u00f3rica.<\/p>\n<p>O presidente do Comit\u00ea Ol\u00edmpico Internacional (COI), Thomas Bach, o presidente da Gr\u00e9cia, Prokopios Pavlopoulos, presidente do Comit\u00ea Organizador de T\u00f3quio 2020, Toshiaki Endo, e outros convidados estiveram na cerim\u00f4nia. Por causa do alerta de aten\u00e7\u00e3o em rela\u00e7\u00e3o ao COVD-19, o evento n\u00e3o foi aberto ao p\u00fablico. Em seu discurso, o presidente do COI ressaltou o comprometimento de todos para o sucesso de T\u00f3quio 2020 e o esfor\u00e7o das organiza\u00e7\u00f5es esportivas pelo mundo pela conten\u00e7\u00e3o do coronav\u00edrus. Ele tamb\u00e9m assegurou que a sa\u00fade e a seguran\u00e7a de todos que participar\u00e3o do revezamento da Tocha Ol\u00edmpica, tanto na Gr\u00e9cia quanto no Jap\u00e3o, s\u00e3o prioridade.<\/p>\n<p>A tocha ol\u00edmpica come\u00e7ar\u00e1 sua jornada pelas m\u00e3os de Anna Korakaki, atleta grega medalhista ol\u00edmpica no Rio 2016. Em seguida ser\u00e1 passada para a atleta japonesa Noguchi Mizuki, medalha de ouro na maratona feminina em Atenas 2004. Ap\u00f3s um tour de uma semana pela Gr\u00e9cia, o revezamento ter\u00e1 in\u00edcio no Jap\u00e3o no dia 26 de mar\u00e7o. O COI calcula que em torno de 10 mil pessoas atuar\u00e3o como condutores da Tocha Ol\u00edmpica, que passar\u00e1 por 859 cidades em 121 dias antes de chegar a T\u00f3quio para a cerim\u00f4nia de abertura dos Jogos.<\/p>\n<p>&nbsp;<\/p>\n<p><strong>Fonte:\u00a0<\/strong>COB<\/p>\n","protected":false},"excerpt":{"rendered":"<p>A chama ol\u00edmpica foi acesa nessa semana, na cidade Ol\u00edmpia, na Gr\u00e9cia, o que marca o in\u00edcio da sua jornada para o Jap\u00e3o. Simbolizando paz e esperan\u00e7a, o fogo ol\u00edmpico vai viajar pelo Jap\u00e3o conclamando os valores Ol\u00edmpicos. A tradicional cerim\u00f4nia aconteceu perto do Templo de Hera e reafirmou a conex\u00e3o entre os jogos modernos [&hellip;]<\/p>\n","protected":false},"author":96,"featured_media":156760,"comment_status":"closed","ping_status":"closed","sticky":false,"template":"","format":"standard","meta":{"footnotes":""},"categories":[436,257,439],"tags":[],"class_list":["post-156759","post","type-post","status-publish","format-standard","has-post-thumbnail","hentry","category-destaque-da-semana","category-esporte","category-ultima-hora"],"_links":{"self":[{"href":"https:\/\/diarioregionaldigital.com.br\/index.php?rest_route=\/wp\/v2\/posts\/156759","targetHints":{"allow":["GET"]}}],"collection":[{"href":"https:\/\/diarioregionaldigital.com.br\/index.php?rest_route=\/wp\/v2\/posts"}],"about":[{"href":"https:\/\/diarioregionaldigital.com.br\/index.php?rest_route=\/wp\/v2\/types\/post"}],"author":[{"embeddable":true,"href":"https:\/\/diarioregionaldigital.com.br\/index.php?rest_route=\/wp\/v2\/users\/96"}],"replies":[{"embeddable":true,"href":"https:\/\/diarioregionaldigital.com.br\/index.php?rest_route=%2Fwp%2Fv2%2Fcomments&post=156759"}],"version-history":[{"count":0,"href":"https:\/\/diarioregionaldigital.com.br\/index.php?rest_route=\/wp\/v2\/posts\/156759\/revisions"}],"wp:featuredmedia":[{"embeddable":true,"href":"https:\/\/diarioregionaldigital.com.br\/index.php?rest_route=\/wp\/v2\/media\/156760"}],"wp:attachment":[{"href":"https:\/\/diarioregionaldigital.com.br\/index.php?rest_route=%2Fwp%2Fv2%2Fmedia&parent=156759"}],"wp:term":[{"taxonomy":"category","embeddable":true,"href":"https:\/\/diarioregionaldigital.com.br\/index.php?rest_route=%2Fwp%2Fv2%2Fcategories&post=156759"},{"taxonomy":"post_tag","embeddable":true,"href":"https:\/\/diarioregionaldigital.com.br\/index.php?rest_route=%2Fwp%2Fv2%2Ftags&post=156759"}],"curies":[{"name":"wp","href":"https:\/\/api.w.org\/{rel}","templated":true}]}}