{"id":156756,"date":"2020-03-13T12:00:24","date_gmt":"2020-03-13T15:00:24","guid":{"rendered":"https:\/\/diarioregionaldigital.com.br\/?p=156756"},"modified":"2020-03-12T19:04:13","modified_gmt":"2020-03-12T22:04:13","slug":"conmebol-anuncia-adiamento-de-jogos-da-taca-libertadores","status":"publish","type":"post","link":"https:\/\/diarioregionaldigital.com.br\/?p=156756","title":{"rendered":"Conmebol anuncia adiamento de jogos da Ta\u00e7a Libertadores"},"content":{"rendered":"<p>A Confedera\u00e7\u00e3o Sul-Americana de Futebol (Conmebol), anunciou adiamento tempor\u00e1rio dos jogos da Ta\u00e7a Libertadores da Am\u00e9rica, em decorr\u00eancia da epidemia do Coronav\u00edrus.<\/p>\n<p>Em comunicado oficial, a entidade diz que est\u00e1 \u201ccomprometida com a preven\u00e7\u00e3o do COVID-19, diante do risco de sua expans\u00e3o, e em salvaguarda dos jogadores, corpo t\u00e9cnico, delegados, \u00e1rbitros, dirigentes, imprensa e torcedores, decidiu suspender os jogos da CONMEBOL LIBERTADORES 2020 da semana de 15 a 21 de mar\u00e7o de 2020\u201d.<\/p>\n<p>Al\u00e9m da maior competi\u00e7\u00e3o das am\u00e9ricas, a Conmebol anunciou adiamento dos jogos v\u00e1lidos pelas Eliminat\u00f3rias da Copa do Mundo de 2022. A associa\u00e7\u00e3o diz que o calend\u00e1rio do futebol ser\u00e1 reajustado pelas pr\u00f3ximas semanas.<\/p>\n","protected":false},"excerpt":{"rendered":"<p>A Confedera\u00e7\u00e3o Sul-Americana de Futebol (Conmebol), anunciou adiamento tempor\u00e1rio dos jogos da Ta\u00e7a Libertadores da Am\u00e9rica, em decorr\u00eancia da epidemia do Coronav\u00edrus. Em comunicado oficial, a entidade diz que est\u00e1 \u201ccomprometida com a preven\u00e7\u00e3o do COVID-19, diante do risco de sua expans\u00e3o, e em salvaguarda dos jogadores, corpo t\u00e9cnico, delegados, \u00e1rbitros, dirigentes, imprensa e torcedores, [&hellip;]<\/p>\n","protected":false},"author":96,"featured_media":156757,"comment_status":"closed","ping_status":"closed","sticky":false,"template":"","format":"standard","meta":{"footnotes":""},"categories":[436,257,439],"tags":[],"class_list":["post-156756","post","type-post","status-publish","format-standard","has-post-thumbnail","hentry","category-destaque-da-semana","category-esporte","category-ultima-hora"],"_links":{"self":[{"href":"https:\/\/diarioregionaldigital.com.br\/index.php?rest_route=\/wp\/v2\/posts\/156756","targetHints":{"allow":["GET"]}}],"collection":[{"href":"https:\/\/diarioregionaldigital.com.br\/index.php?rest_route=\/wp\/v2\/posts"}],"about":[{"href":"https:\/\/diarioregionaldigital.com.br\/index.php?rest_route=\/wp\/v2\/types\/post"}],"author":[{"embeddable":true,"href":"https:\/\/diarioregionaldigital.com.br\/index.php?rest_route=\/wp\/v2\/users\/96"}],"replies":[{"embeddable":true,"href":"https:\/\/diarioregionaldigital.com.br\/index.php?rest_route=%2Fwp%2Fv2%2Fcomments&post=156756"}],"version-history":[{"count":0,"href":"https:\/\/diarioregionaldigital.com.br\/index.php?rest_route=\/wp\/v2\/posts\/156756\/revisions"}],"wp:featuredmedia":[{"embeddable":true,"href":"https:\/\/diarioregionaldigital.com.br\/index.php?rest_route=\/wp\/v2\/media\/156757"}],"wp:attachment":[{"href":"https:\/\/diarioregionaldigital.com.br\/index.php?rest_route=%2Fwp%2Fv2%2Fmedia&parent=156756"}],"wp:term":[{"taxonomy":"category","embeddable":true,"href":"https:\/\/diarioregionaldigital.com.br\/index.php?rest_route=%2Fwp%2Fv2%2Fcategories&post=156756"},{"taxonomy":"post_tag","embeddable":true,"href":"https:\/\/diarioregionaldigital.com.br\/index.php?rest_route=%2Fwp%2Fv2%2Ftags&post=156756"}],"curies":[{"name":"wp","href":"https:\/\/api.w.org\/{rel}","templated":true}]}}