{"id":156753,"date":"2020-03-13T11:30:31","date_gmt":"2020-03-13T14:30:31","guid":{"rendered":"https:\/\/diarioregionaldigital.com.br\/?p=156753"},"modified":"2020-03-12T19:02:15","modified_gmt":"2020-03-12T22:02:15","slug":"esporte-passa-a-contar-com-secretaria-nacional-voltada-ao-paradesporto","status":"publish","type":"post","link":"https:\/\/diarioregionaldigital.com.br\/?p=156753","title":{"rendered":"Esporte passa a contar com Secretaria Nacional voltada ao paradesporto"},"content":{"rendered":"<p>A cerim\u00f4nia de posse de Marcelo Magalh\u00e3es como novo secret\u00e1rio especial do Esporte em Bras\u00edlia, foi marcada pelo an\u00fancio de uma novidade na estrutura da Secretaria Especial do Esporte. Em seu discurso de boas-vindas ao novo secret\u00e1rio, o ministro da Cidadania, Onyx Lorenzoni, anunciou a cria\u00e7\u00e3o da Secretaria Nacional do Paradesporto.<\/p>\n<p>&nbsp;<\/p>\n<p>\u201cO esporte brasileiro vai ter, sim, uma aten\u00e7\u00e3o muito especial. O primeiro an\u00fancio que n\u00f3s queremos fazer \u00e9 que voc\u00ea, Marcelo, vai come\u00e7ar j\u00e1 com a Secretaria Nacional do Paradesporto, para que o esporte paral\u00edmpico brasileiro tenha espa\u00e7o fixo na Secretaria Especial do Esporte\u201d, afirmou Onyx Lorenzoni\u201d.<\/p>\n<p>&nbsp;<\/p>\n<p>Nomeado como secret\u00e1rio especial do Esporte do Minist\u00e9rio da Cidadania no dia 28 de fevereiro, Marcelo Reis Magalh\u00e3es, 47 anos, tomou posse ao lado de S\u00e9rgio Augusto de Queiroz, empossado como secret\u00e1rio especial do Desenvolvimento Social, e de Ant\u00f4nio Jos\u00e9 Barreto de Ara\u00fajo J\u00fanior, empossado como secret\u00e1rio Executivo do minist\u00e9rio.<\/p>\n<p>Marcelo Magalh\u00e3es adiantou que uma de suas metas ser\u00e1 trabalhar pela valoriza\u00e7\u00e3o do profissional de educa\u00e7\u00e3o f\u00edsica no pa\u00eds, com o objetivo de fortalecer o esporte nas escolas e nas universidades. \u201cAcho que a gente deve primeiramente, dentro dessa pasta, fortalecer a imagem do profissional de educa\u00e7\u00e3o f\u00edsica. Esse ser\u00e1 meu grande desafio, porque por anos a gente viu a pir\u00e2mide sendo invertida\u201d, afirmou.<\/p>\n<p>&nbsp;<\/p>\n<p>\u201cA base, o colegial e o universit\u00e1rio deixaram de ser trabalhados. Ent\u00e3o, juntamente com a pasta social, esperamos fazer algo relevante e transformador. Talvez essa miss\u00e3o seja muito dif\u00edcil, mas, com o apoio que tive na minha chegada de pessoas altamente t\u00e9cnicas e que me deram suporte, acho que n\u00e3o teremos problemas se a gente conseguir jogar junto, pensar junto e olhar o futuro de maneira ampla\u201d, prosseguiu Marcelo Magalh\u00e3es, que ressaltou estar aberto ao di\u00e1logo com todos os entes envolvidos no esporte.<\/p>\n<p>&nbsp;<\/p>\n<p>\u201cEu chego com a miss\u00e3o de implementar uma nova plataforma, de maneira sustent\u00e1vel, eficiente e com responsabilidade. A porta do meu gabinete vai estar aberta para quem quiser o di\u00e1logo. Vamos trabalhar para fazer algo transformador. A palavra \u00e9 transforma\u00e7\u00e3o\u201d.<\/p>\n<p>&nbsp;<\/p>\n<p><strong>Prest\u00edgio<\/strong><\/p>\n<p><strong>\u00a0<\/strong><\/p>\n<p>Diversas autoridades, como o senador Fl\u00e1vio Bolsonaro e o deputado federal Luiz Lima (PSL-RJ), al\u00e9m de representantes de v\u00e1rias entidades esportivas, acompanharam a cerim\u00f4nia de posse dos novos secret\u00e1rios do Minist\u00e9rio da Cidadania.\u00a0 Entre os representantes de entidades esportivas estiveram o presidente da Confedera\u00e7\u00e3o Brasileira de Desporto Escolar (CBDE), Ant\u00f4nio Hora Filho; o vice-presidente do Comit\u00ea Ol\u00edmpico do Brasil (COB), Marco Ant\u00f4nio La Porta, e o vice-presidente da Confedera\u00e7\u00e3o Brasileira do Desporto Universit\u00e1rio (CBDU), Alim Maluf Neto.<\/p>\n<p>A solenidade contou tamb\u00e9m com a presen\u00e7a do secret\u00e1rio de esporte do Governo do Distrito Federal, Leandro Cruz, al\u00e9m dos secret\u00e1rios que integram a Secretaria Especial do Esporte: Emanuel R\u00eago, da Secretaria Nacional de Alto Rendimento (SNEAR); Fab\u00edola Molina, da Secretaria Nacional de Esporte, Educa\u00e7\u00e3o, Lazer e Inclus\u00e3o Social (SNELIS); Luisa Parente, da Autoridade Brasileira de Controle de Dopagem (ABCD); e Ronaldo Lima dos Santos, da Secretaria Nacional de Futebol e Defesa dos Direitos do Torcedor (SNFDT).<\/p>\n<p>&nbsp;<\/p>\n<p><strong>Perfil<\/strong><\/p>\n<p>Formado em jornalismo pela Universidade Gama Filho (RJ), o fluminense Marcelo Magalh\u00e3es possui mais de 15 anos de experi\u00eancia no setor esportivo, tendo atuado como consultor, gestor de carreiras, captador de patroc\u00ednios e produtor de conte\u00fados voltados para m\u00faltiplas plataformas midi\u00e1ticas.<\/p>\n<p>Marcelo trabalhou com atletas consagrados, como Isaquias Queiroz, campe\u00e3o mundial e dono de tr\u00eas medalhas ol\u00edmpicas nos Jogos Rio 2016 na canoagem de velocidade; Fl\u00e1vio Canto, medalhista ol\u00edmpico no jud\u00f4; o multicampe\u00e3o do UFC Anderson Silva; a campe\u00e3 mundial de remo Fabiana Beltrame e as g\u00eameas do nado art\u00edstico Beatriz e Branca Feres. Com eles, Marcelo Magalh\u00e3es atuava na gest\u00e3o de carreiras, na capta\u00e7\u00e3o de patroc\u00ednios e no planejamento de marketing, financeiro e operacional.<\/p>\n<p>No campo empresarial, atuou como palestrante e consultor de marcas esportivas de expressividade internacional e foi respons\u00e1vel pela elabora\u00e7\u00e3o e montagem do reality show &#8220;Spider Life Show&#8221;, evento multiplataforma com Anderson Silva, em uma s\u00e9rie de 13 epis\u00f3dios. Em outra frente, \u00e9 protagonista no projeto de montagem e gest\u00e3o da Arena Lagoa Rio, em parceria com a administra\u00e7\u00e3o municipal e o setor privado. A Arena Rio \u00e9 um complexo com quadras poliesportivas, parque infantil e espa\u00e7os de conviv\u00eancia que tem como conceito a ocupa\u00e7\u00e3o de espa\u00e7os p\u00fablicos da capital fluminense com conte\u00fados gratuitos de lazer, educa\u00e7\u00e3o, cultura e sustentabilidade.<\/p>\n<p>&nbsp;<\/p>\n<p>Recentemente, em 2018 e 2019, foi respons\u00e1vel pela montagem do plano estrat\u00e9gico, comercial e gest\u00e3o de conte\u00fado do especial &#8220;Gigantes de Nazar\u00e9&#8221;, um conv\u00eanio entre Brasil e Portugal para produ\u00e7\u00e3o de programas televisivos sobre surfe nas ondas gigantes da vila portuguesa do distrito de Leiria. O conte\u00fado teve grande audi\u00eancia e repercuss\u00e3o no Brasil e em Portugal.<\/p>\n<p>&nbsp;<\/p>\n<p><strong>Fonte:\u00a0<\/strong>Assessoria<\/p>\n","protected":false},"excerpt":{"rendered":"<p>A cerim\u00f4nia de posse de Marcelo Magalh\u00e3es como novo secret\u00e1rio especial do Esporte em Bras\u00edlia, foi marcada pelo an\u00fancio de uma novidade na estrutura da Secretaria Especial do Esporte. Em seu discurso de boas-vindas ao novo secret\u00e1rio, o ministro da Cidadania, Onyx Lorenzoni, anunciou a cria\u00e7\u00e3o da Secretaria Nacional do Paradesporto. &nbsp; \u201cO esporte brasileiro [&hellip;]<\/p>\n","protected":false},"author":96,"featured_media":156754,"comment_status":"closed","ping_status":"closed","sticky":false,"template":"","format":"standard","meta":{"footnotes":""},"categories":[436,257,439],"tags":[],"class_list":["post-156753","post","type-post","status-publish","format-standard","has-post-thumbnail","hentry","category-destaque-da-semana","category-esporte","category-ultima-hora"],"_links":{"self":[{"href":"https:\/\/diarioregionaldigital.com.br\/index.php?rest_route=\/wp\/v2\/posts\/156753","targetHints":{"allow":["GET"]}}],"collection":[{"href":"https:\/\/diarioregionaldigital.com.br\/index.php?rest_route=\/wp\/v2\/posts"}],"about":[{"href":"https:\/\/diarioregionaldigital.com.br\/index.php?rest_route=\/wp\/v2\/types\/post"}],"author":[{"embeddable":true,"href":"https:\/\/diarioregionaldigital.com.br\/index.php?rest_route=\/wp\/v2\/users\/96"}],"replies":[{"embeddable":true,"href":"https:\/\/diarioregionaldigital.com.br\/index.php?rest_route=%2Fwp%2Fv2%2Fcomments&post=156753"}],"version-history":[{"count":0,"href":"https:\/\/diarioregionaldigital.com.br\/index.php?rest_route=\/wp\/v2\/posts\/156753\/revisions"}],"wp:featuredmedia":[{"embeddable":true,"href":"https:\/\/diarioregionaldigital.com.br\/index.php?rest_route=\/wp\/v2\/media\/156754"}],"wp:attachment":[{"href":"https:\/\/diarioregionaldigital.com.br\/index.php?rest_route=%2Fwp%2Fv2%2Fmedia&parent=156753"}],"wp:term":[{"taxonomy":"category","embeddable":true,"href":"https:\/\/diarioregionaldigital.com.br\/index.php?rest_route=%2Fwp%2Fv2%2Fcategories&post=156753"},{"taxonomy":"post_tag","embeddable":true,"href":"https:\/\/diarioregionaldigital.com.br\/index.php?rest_route=%2Fwp%2Fv2%2Ftags&post=156753"}],"curies":[{"name":"wp","href":"https:\/\/api.w.org\/{rel}","templated":true}]}}