{"id":156750,"date":"2020-03-13T11:00:09","date_gmt":"2020-03-13T14:00:09","guid":{"rendered":"https:\/\/diarioregionaldigital.com.br\/?p=156750"},"modified":"2020-03-12T18:56:21","modified_gmt":"2020-03-12T21:56:21","slug":"dois-individuos-sao-presos-por-porte-ilegal-de-arma-de-fogo-no-progresso","status":"publish","type":"post","link":"https:\/\/diarioregionaldigital.com.br\/?p=156750","title":{"rendered":"Dois indiv\u00edduos s\u00e3o presos por porte ilegal de arma de fogo no Progresso"},"content":{"rendered":"<p>A Pol\u00edcia Militar (PM), prendeu dois autores, sem idades divulgadas, por porte ilegal de arma de fogo no Bairro Progresso (Regi\u00e3o Leste) em Juiz de Fora.<\/p>\n<p>O caso ocorreu durante um patrulhamento em prol da Opera\u00e7\u00e3o Batida Policial, quando a PM recebeu informa\u00e7\u00f5es sobre dois indiv\u00edduos que estariam com posse de arma de fogo, na Rua Carlos Rocha. Os policiais dirigiram-se at\u00e9 o local e localizaram os autores, que foram submetidos a busca pessoal mas nada foi encontrado.<\/p>\n<p>Ap\u00f3s varreduras pelo local, a PM localizou as duas armas pelas imedia\u00e7\u00f5es. Diante dos fatos, os suspeitos foram presos e conduzidos para a Delegacia, junto com os materiais apreendidos, para devidas provid\u00eancias.<\/p>\n","protected":false},"excerpt":{"rendered":"<p>A Pol\u00edcia Militar (PM), prendeu dois autores, sem idades divulgadas, por porte ilegal de arma de fogo no Bairro Progresso (Regi\u00e3o Leste) em Juiz de Fora. O caso ocorreu durante um patrulhamento em prol da Opera\u00e7\u00e3o Batida Policial, quando a PM recebeu informa\u00e7\u00f5es sobre dois indiv\u00edduos que estariam com posse de arma de fogo, na [&hellip;]<\/p>\n","protected":false},"author":96,"featured_media":156751,"comment_status":"closed","ping_status":"closed","sticky":false,"template":"","format":"standard","meta":{"footnotes":""},"categories":[301,436,440,439],"tags":[],"class_list":["post-156750","post","type-post","status-publish","format-standard","has-post-thumbnail","hentry","category-artigos-policiais","category-destaque-da-semana","category-destaques-do-dia","category-ultima-hora"],"_links":{"self":[{"href":"https:\/\/diarioregionaldigital.com.br\/index.php?rest_route=\/wp\/v2\/posts\/156750","targetHints":{"allow":["GET"]}}],"collection":[{"href":"https:\/\/diarioregionaldigital.com.br\/index.php?rest_route=\/wp\/v2\/posts"}],"about":[{"href":"https:\/\/diarioregionaldigital.com.br\/index.php?rest_route=\/wp\/v2\/types\/post"}],"author":[{"embeddable":true,"href":"https:\/\/diarioregionaldigital.com.br\/index.php?rest_route=\/wp\/v2\/users\/96"}],"replies":[{"embeddable":true,"href":"https:\/\/diarioregionaldigital.com.br\/index.php?rest_route=%2Fwp%2Fv2%2Fcomments&post=156750"}],"version-history":[{"count":0,"href":"https:\/\/diarioregionaldigital.com.br\/index.php?rest_route=\/wp\/v2\/posts\/156750\/revisions"}],"wp:featuredmedia":[{"embeddable":true,"href":"https:\/\/diarioregionaldigital.com.br\/index.php?rest_route=\/wp\/v2\/media\/156751"}],"wp:attachment":[{"href":"https:\/\/diarioregionaldigital.com.br\/index.php?rest_route=%2Fwp%2Fv2%2Fmedia&parent=156750"}],"wp:term":[{"taxonomy":"category","embeddable":true,"href":"https:\/\/diarioregionaldigital.com.br\/index.php?rest_route=%2Fwp%2Fv2%2Fcategories&post=156750"},{"taxonomy":"post_tag","embeddable":true,"href":"https:\/\/diarioregionaldigital.com.br\/index.php?rest_route=%2Fwp%2Fv2%2Ftags&post=156750"}],"curies":[{"name":"wp","href":"https:\/\/api.w.org\/{rel}","templated":true}]}}