{"id":156747,"date":"2020-03-13T10:30:07","date_gmt":"2020-03-13T13:30:07","guid":{"rendered":"https:\/\/diarioregionaldigital.com.br\/?p=156747"},"modified":"2020-03-12T18:55:00","modified_gmt":"2020-03-12T21:55:00","slug":"inscricoes-para-o-curso-de-educacao-financeira-abrem-nesta-segunda-feira","status":"publish","type":"post","link":"https:\/\/diarioregionaldigital.com.br\/?p=156747","title":{"rendered":"Inscri\u00e7\u00f5es para o curso de Educa\u00e7\u00e3o Financeira abrem nesta segunda-feira"},"content":{"rendered":"<p>A Ag\u00eancia de Prote\u00e7\u00e3o e Defesa do Consumidor (Procon\/JF) da Prefeitura de Juiz de Fora (PJF) disponibiliza vagas para o curso de educa\u00e7\u00e3o financeira de abril, que ser\u00e1 realizado em dois formatos: workshop \u00e0 tarde e aulas noturnas semanais. As inscri\u00e7\u00f5es t\u00eam in\u00edcio nesta segunda-feira (16), por meio do telefone 2104-8702 ou presencialmente na sede do Procon\/JF, Avenida Itamar Franco, 992, Centro, de segunda a sexta-feira, das 8h30 \u00e0s 17h30.<\/p>\n<p>O curso de educa\u00e7\u00e3o financeira do Procon\/JF orienta os participantes sobre a administra\u00e7\u00e3o do or\u00e7amento dom\u00e9stico, investimento e diagn\u00f3stico financeiro, al\u00e9m de repassar informa\u00e7\u00f5es sobre o consumismo de forma geral. A did\u00e1tica de ensino \u00e9 ferramenta para promover mudan\u00e7as de h\u00e1bitos e de comportamentos do consumidor quanto ao uso seguro do dinheiro.<\/p>\n<p>Os interessados podem optar por um dos dois formatos oferecidos. O workshop, acontecer\u00e1 somente na segunda, 6 de abril, das 14 \u00e0s 18 horas. J\u00e1 no formato mensal, as aulas come\u00e7ar\u00e3o no dia 31 de mar\u00e7o. \u201cGeralmente, as atividades noturnas acontecem nas quatro primeiras ter\u00e7as-feiras do m\u00eas, por\u00e9m, devido ao feriado de 21 de abril, anteciparemos uma aula\u201d, afirma o professor do curso, Marcus Gasparetti. Essas aulas s\u00e3o das 18h30 \u00e0s 20h30.<\/p>\n<p>Organizado pela Escola de Direito do Consumidor e Educa\u00e7\u00e3o Financeira do Procon\/JF, o curso de educa\u00e7\u00e3o financeira \u00e9 gratuito, incluindo material did\u00e1tico da metodologia Diagnosticar, Sonhar, Or\u00e7ar e Poupar (DSOP).<\/p>\n<p>&nbsp;<\/p>\n<p><strong>Fonte:\u00a0<\/strong>Assessoria<\/p>\n","protected":false},"excerpt":{"rendered":"<p>A Ag\u00eancia de Prote\u00e7\u00e3o e Defesa do Consumidor (Procon\/JF) da Prefeitura de Juiz de Fora (PJF) disponibiliza vagas para o curso de educa\u00e7\u00e3o financeira de abril, que ser\u00e1 realizado em dois formatos: workshop \u00e0 tarde e aulas noturnas semanais. As inscri\u00e7\u00f5es t\u00eam in\u00edcio nesta segunda-feira (16), por meio do telefone 2104-8702 ou presencialmente na sede [&hellip;]<\/p>\n","protected":false},"author":96,"featured_media":156748,"comment_status":"closed","ping_status":"closed","sticky":false,"template":"","format":"standard","meta":{"footnotes":""},"categories":[253,436,439],"tags":[],"class_list":["post-156747","post","type-post","status-publish","format-standard","has-post-thumbnail","hentry","category-cidade","category-destaque-da-semana","category-ultima-hora"],"_links":{"self":[{"href":"https:\/\/diarioregionaldigital.com.br\/index.php?rest_route=\/wp\/v2\/posts\/156747","targetHints":{"allow":["GET"]}}],"collection":[{"href":"https:\/\/diarioregionaldigital.com.br\/index.php?rest_route=\/wp\/v2\/posts"}],"about":[{"href":"https:\/\/diarioregionaldigital.com.br\/index.php?rest_route=\/wp\/v2\/types\/post"}],"author":[{"embeddable":true,"href":"https:\/\/diarioregionaldigital.com.br\/index.php?rest_route=\/wp\/v2\/users\/96"}],"replies":[{"embeddable":true,"href":"https:\/\/diarioregionaldigital.com.br\/index.php?rest_route=%2Fwp%2Fv2%2Fcomments&post=156747"}],"version-history":[{"count":0,"href":"https:\/\/diarioregionaldigital.com.br\/index.php?rest_route=\/wp\/v2\/posts\/156747\/revisions"}],"wp:featuredmedia":[{"embeddable":true,"href":"https:\/\/diarioregionaldigital.com.br\/index.php?rest_route=\/wp\/v2\/media\/156748"}],"wp:attachment":[{"href":"https:\/\/diarioregionaldigital.com.br\/index.php?rest_route=%2Fwp%2Fv2%2Fmedia&parent=156747"}],"wp:term":[{"taxonomy":"category","embeddable":true,"href":"https:\/\/diarioregionaldigital.com.br\/index.php?rest_route=%2Fwp%2Fv2%2Fcategories&post=156747"},{"taxonomy":"post_tag","embeddable":true,"href":"https:\/\/diarioregionaldigital.com.br\/index.php?rest_route=%2Fwp%2Fv2%2Ftags&post=156747"}],"curies":[{"name":"wp","href":"https:\/\/api.w.org\/{rel}","templated":true}]}}