{"id":156744,"date":"2020-03-13T09:00:38","date_gmt":"2020-03-13T12:00:38","guid":{"rendered":"https:\/\/diarioregionaldigital.com.br\/?p=156744"},"modified":"2020-03-12T18:51:57","modified_gmt":"2020-03-12T21:51:57","slug":"defesa-civil-inicia-formacao-de-nucleo-de-protecao-na-regiao-sul","status":"publish","type":"post","link":"https:\/\/diarioregionaldigital.com.br\/?p=156744","title":{"rendered":"Defesa Civil inicia forma\u00e7\u00e3o de n\u00facleo de prote\u00e7\u00e3o na regi\u00e3o sul"},"content":{"rendered":"<p>A Defesa Civil de Juiz de Fora realiza a primeira reuni\u00e3o para forma\u00e7\u00e3o do N\u00facleo de Prote\u00e7\u00e3o e Defesa Civil (Nupdec) da regi\u00e3o sul nesta segunda-feira (16). O encontro ser\u00e1 o primeiro de nove, promovidos durante dois meses, com o objetivo de preparar moradores para a melhor percep\u00e7\u00e3o sobre a\u00e7\u00f5es de defesa civil, prote\u00e7\u00e3o e preven\u00e7\u00e3o. A iniciativa busca integrar a comunidade e os \u00f3rg\u00e3os do poder p\u00fablico, por meio da capacita\u00e7\u00e3o de moradores da localidade. Os m\u00f3dulos ser\u00e3o semanais e acontecer\u00e3o na Escola Lions Centro, na Estrada da Graminha, 1.860, Bairro Graminha, \u00e0s 19 horas.<\/p>\n<p>No conte\u00fado, a equipe da Defesa Civil abordar\u00e1 desde conceitos que estruturam a cria\u00e7\u00e3o do grupo, como regras de conviv\u00eancia e o fortalecimento de pertencimento, at\u00e9 a apresenta\u00e7\u00e3o do trabalho do \u00f3rg\u00e3o, mapeamento de risco, no\u00e7\u00f5es de primeiros socorros e realiza\u00e7\u00e3o de simulado. &#8220;A inten\u00e7\u00e3o \u00e9 capacitar volunt\u00e1rios para terem uma no\u00e7\u00e3o de Defesa Civil, podendo agir na identifica\u00e7\u00e3o de problemas e na preven\u00e7\u00e3o. Eles n\u00e3o substituem o nosso trabalho, mas atuam no reconhecimento r\u00e1pido de situa\u00e7\u00f5es e trazem essa informa\u00e7\u00e3o para a Defesa Civil&#8221;, afirmou a supervisora de Servi\u00e7o Social do Departamento de Preven\u00e7\u00e3o e A\u00e7\u00f5es Intersetoriais (Dpai), N\u00e1dia Barbosa.<\/p>\n<p>A regi\u00e3o sul \u00e9 a segunda \u00e1rea da cidade a ser contemplada com o n\u00facleo. Em dezembro do ano passado foi finalizada a capacita\u00e7\u00e3o do Nupdec da regi\u00e3o leste. Nove volunt\u00e1rios conclu\u00edram o processo, realizado no Bairro Linhares. No Graminha, 18 pessoas est\u00e3o inscritas para participar do curso. Al\u00e9m destas, outras ter\u00e3o a possibilidade de integrar a organiza\u00e7\u00e3o. Ipiranga tamb\u00e9m receber\u00e1 etapa de montagem do n\u00facleo na zona sul. O motivo \u00e9 o tamanho da \u00e1rea abrangida pela regi\u00e3o. Ainda n\u00e3o h\u00e1 data definida para in\u00edcio da atividade com este grupo.<\/p>\n<p>Os Nupdecs t\u00eam por objetivo envolver a popula\u00e7\u00e3o no processo de reflex\u00e3o sobre a realidade do local, incentivando a conscientiza\u00e7\u00e3o, com a finalidade de minimizar riscos de desastres. Os participantes se tornam efetivamente multiplicadores e parceiros da Defesa Civil, levando as informa\u00e7\u00f5es adquiridas para suas fam\u00edlias e sua comunidade.<\/p>\n<p>Os volunt\u00e1rios s\u00e3o previamente selecionados atrav\u00e9s de mobiliza\u00e7\u00e3o realizada pela Associa\u00e7\u00e3o dos Agentes Volunt\u00e1rios de Prote\u00e7\u00e3o e Defesa Civil (Avadec), Uni\u00e3o Juiz-forana de Associa\u00e7\u00f5es Comunit\u00e1rias de Bairros e Distritos (Unijuf), centros de Refer\u00eancia em Assist\u00eancia Social (Cras), unidades b\u00e1sicas de Sa\u00fade (UBSs) e equipamentos locais.<\/p>\n<p>&nbsp;<\/p>\n<p><strong>Fonte:\u00a0<\/strong>Assessoria<\/p>\n","protected":false},"excerpt":{"rendered":"<p>A Defesa Civil de Juiz de Fora realiza a primeira reuni\u00e3o para forma\u00e7\u00e3o do N\u00facleo de Prote\u00e7\u00e3o e Defesa Civil (Nupdec) da regi\u00e3o sul nesta segunda-feira (16). O encontro ser\u00e1 o primeiro de nove, promovidos durante dois meses, com o objetivo de preparar moradores para a melhor percep\u00e7\u00e3o sobre a\u00e7\u00f5es de defesa civil, prote\u00e7\u00e3o e [&hellip;]<\/p>\n","protected":false},"author":96,"featured_media":156745,"comment_status":"closed","ping_status":"closed","sticky":false,"template":"","format":"standard","meta":{"footnotes":""},"categories":[253,436,440,439],"tags":[],"class_list":["post-156744","post","type-post","status-publish","format-standard","has-post-thumbnail","hentry","category-cidade","category-destaque-da-semana","category-destaques-do-dia","category-ultima-hora"],"_links":{"self":[{"href":"https:\/\/diarioregionaldigital.com.br\/index.php?rest_route=\/wp\/v2\/posts\/156744","targetHints":{"allow":["GET"]}}],"collection":[{"href":"https:\/\/diarioregionaldigital.com.br\/index.php?rest_route=\/wp\/v2\/posts"}],"about":[{"href":"https:\/\/diarioregionaldigital.com.br\/index.php?rest_route=\/wp\/v2\/types\/post"}],"author":[{"embeddable":true,"href":"https:\/\/diarioregionaldigital.com.br\/index.php?rest_route=\/wp\/v2\/users\/96"}],"replies":[{"embeddable":true,"href":"https:\/\/diarioregionaldigital.com.br\/index.php?rest_route=%2Fwp%2Fv2%2Fcomments&post=156744"}],"version-history":[{"count":0,"href":"https:\/\/diarioregionaldigital.com.br\/index.php?rest_route=\/wp\/v2\/posts\/156744\/revisions"}],"wp:featuredmedia":[{"embeddable":true,"href":"https:\/\/diarioregionaldigital.com.br\/index.php?rest_route=\/wp\/v2\/media\/156745"}],"wp:attachment":[{"href":"https:\/\/diarioregionaldigital.com.br\/index.php?rest_route=%2Fwp%2Fv2%2Fmedia&parent=156744"}],"wp:term":[{"taxonomy":"category","embeddable":true,"href":"https:\/\/diarioregionaldigital.com.br\/index.php?rest_route=%2Fwp%2Fv2%2Fcategories&post=156744"},{"taxonomy":"post_tag","embeddable":true,"href":"https:\/\/diarioregionaldigital.com.br\/index.php?rest_route=%2Fwp%2Fv2%2Ftags&post=156744"}],"curies":[{"name":"wp","href":"https:\/\/api.w.org\/{rel}","templated":true}]}}